{"id":477559,"date":"2025-08-06T09:35:04","date_gmt":"2025-08-06T13:35:04","guid":{"rendered":"https:\/\/deultimominuto.net\/en\/uncategorized\/alofoke-will-represent-rd-at-the-billboard-latin-music-week-2025\/"},"modified":"2025-08-06T09:35:04","modified_gmt":"2025-08-06T13:35:04","slug":"alofoke-will-represent-rd-at-the-billboard-latin-music-week-2025","status":"publish","type":"post","link":"https:\/\/deultimominuto.net\/en\/entertainment\/alofoke-will-represent-rd-at-the-billboard-latin-music-week-2025\/","title":{"rendered":"Alofoke will represent RD at the Billboard Latin Music Week 2025"},"content":{"rendered":"\n<p><strong>Santo Domingo.-<\/strong> The businessman <strong>Santiago Mat\u00edas (Alofoke),<\/strong> will be present at the next edition of the <strong><a href=\"https:\/\/www.billboardlatinmusicweek.com\/\" data-type=\"link\" data-id=\"https:\/\/www.billboardlatinmusicweek.com\/\" target=\"_blank\" rel=\"noopener\">Billboard Latin Music Week 2025<\/a><\/strong>, one of the most important events in the Spanish music industry, which will be held from <strong>October 20 to 24 at the Fillmore Miami Beach. <\/strong><\/p>\n\n\nThe renowned producer and CEO of <strong>Alofoke Media Group<\/strong>, an icon of urban culture in the Caribbean, was confirmed as one of the <strong>featured participants of the meeting<\/strong>.\n\n\n<figure class=\"wp-block-gallery has-nested-images columns-default is-cropped wp-block-gallery-1 is-layout-flex wp-block-gallery-is-layout-flex\">\n<figure class=\"wp-block-image size-large\"><img decoding=\"async\" data-id=\"511676\" src=\"https:\/\/deultimominuto.net\/wp-content\/uploads\/2025\/08\/SaveClip.App_527349538_18477597631072995_7102657022030789090_n-819x1024.jpg\" alt=\"\" class=\"wp-image-511676\" title=\"\"><\/figure>\n\n\n\n<figure class=\"wp-block-image size-large\"><img decoding=\"async\" data-id=\"511677\" src=\"https:\/\/deultimominuto.net\/wp-content\/uploads\/2025\/08\/SaveClip.App_528631341_18477597640072995_3828274991943681476_n-819x1024.jpg\" alt=\"\" class=\"wp-image-511677\" title=\"\"><\/figure>\n<\/figure>\n\n\nThe announcement was made through the event's official social media: <em>\u201cRD in the house! \ud83c\udde9\ud83c\uddf4\ud83c\udde9\ud83c\uddf4 Don\u2019t miss @alofoke at the biggest week in Latin music\u201d<\/em>, sparking enthusiasm among its followers and in the music community.\n\n\n<blockquote class=\"wp-block-quote is-layout-flow wp-block-quote-is-layout-flow\">\n<p>The event coincides with the Billboard Latin Music Awards 2025, which will be broadcast on Thursday, October 23rd on Telemundo and Peacock.<\/p>\n<\/blockquote>\n\n\nAlofoke's participation represents a sum of golden points for Dominican communication and entertainment.\n\n\n<p><strong>You may be interested in: <\/strong><a href=\"https:\/\/deultimominuto.net\/entretenimiento\/la-casa-de-alofoke-2\/\" data-type=\"link\" data-id=\"https:\/\/deultimominuto.net\/entretenimiento\/la-casa-de-alofoke-2\/\">\"La Casa de Alofoke\" premieres this August 11th: the most anticipated live event in digital entertainment in Spanish<\/a><\/p>\n\n\nRecognized as the creator of influential spaces, his presence on this international platform consolidates his role as a key figure in promoting urban talent, popular culture, and the Dominican narrative to the world.\n\n<strong>Billboard Latin Week<\/strong> will bring together artists, executives, producers, and content creators in a series of panels, exclusive presentations, and conversations about the future of Latin music. Alofoke's participation symbolizes the recognition of the Dominican urban movement as a constantly growing global phenomenon.\n\n\n<h2 class=\"wp-block-heading\"><strong>Dominicans at Billboard Latin Music Week<\/strong><\/h2>\n\n\nAlthough the Dominican Republic has been present through the musical impact of its artists, few Dominicans are formally invited to this event. In previous years, Tokischa was a prominent panelist for her disruptive proposal, and figures like El Alfa have been recognized by the Billboard platform.\n\nNow, with the inclusion of Alofoke, the value of digital and media content created from the Dominican Republic is recognized, paving the way for future generations of communicators, creators, and cultural entrepreneurs.\n\n\n<h2 class=\"wp-block-heading\"><strong>Artists Present<\/strong><\/h2>\n\n\nAmong the names joining the star-studded list are also, <a href=\"https:\/\/www.billboard.com\/music\/anuel-aa\" target=\"_blank\" rel=\"noopener\">Anuel AA<\/a>, Guaynaa, Ela Taubert, Humberto \u201cHumby\u201d Viana, Julio Reyes Copello, Leo Rojas from \u201cEscuela de Nada\u201d, Molusco, \u00d3scar Maydon, <a href=\"https:\/\/www.billboard.com\/music\/pablo-alboran\" target=\"_blank\" rel=\"noopener\">Pablo Albor\u00e1n<\/a>, Silvana Estrada, Xavi and Yami Safdie, with more talents to be announced soon.\n\nThe artists announced above include Car\u00edn Le\u00f3n, Gloria and Emilio Estefan, Goyo, Grupo 5, Kapo, Laura Pausini, Luis R. Conriquez, Myke Towers, Net\u00f3n Vega, Ozuna, and Venesti.\n\n\"This year's edition promises to be the most extensive to date, with carefully crafted panels and immersive opportunities that reflect the dynamic growth of Latin music and culture in the heart of Miami Beach,\" said <strong>Leila Cobo<\/strong>, director of Latin and Spanish content at <em>Billboard<\/em>.","protected":false},"excerpt":{"rendered":"<p>Santo Domingo.- The businessman Santiago Mat\u00edas (Alofoke), will be present at the next edition of the Billboard Latin Music Week 2025, one of the most important events in the Spanish music industry, which will be held from October 20 to 24 at the Fillmore Miami Beach. The renowned producer and CEO of Alofoke Media Group, [&hellip;]<\/p>\n","protected":false},"author":4,"featured_media":477560,"comment_status":"open","ping_status":"open","sticky":false,"template":"","format":"standard","meta":{"_acf_changed":false,"footnotes":""},"categories":[5],"tags":[14151,2005],"class_list":{"0":"post-477559","1":"post","2":"type-post","3":"status-publish","4":"format-standard","5":"has-post-thumbnail","7":"category-entertainment","8":"tag-alofoke","9":"tag-santiago-matias"},"acf":[],"jetpack_featured_media_url":"https:\/\/deultimominuto.net\/en\/wp-content\/uploads\/sites\/2\/2025\/08\/Copia-de-Post-de-Instagram-Feliz-Cumpleanos-Sencillo-Minimalista-Azul-1000-x-500-px-37.jpg","dum_api":{"author_name":"Redacci\u00f3n De \u00daltimo Minuto","author_image":"https:\/\/deultimominuto.net\/wp-content\/uploads\/2025\/02\/cropped-logo-de-ultimo-minuto-96x96.png","categories_name":["Entertainment"],"featured_media_url":"https:\/\/cdn.deultimominuto.net\/en\/wp-content\/uploads\/sites\/2\/2025\/08\/Copia-de-Post-de-Instagram-Feliz-Cumpleanos-Sencillo-Minimalista-Azul-1000-x-500-px-37.jpg"},"_links":{"self":[{"href":"https:\/\/deultimominuto.net\/en\/wp-json\/wp\/v2\/posts\/477559","targetHints":{"allow":["GET"]}}],"collection":[{"href":"https:\/\/deultimominuto.net\/en\/wp-json\/wp\/v2\/posts"}],"about":[{"href":"https:\/\/deultimominuto.net\/en\/wp-json\/wp\/v2\/types\/post"}],"author":[{"embeddable":true,"href":"https:\/\/deultimominuto.net\/en\/wp-json\/wp\/v2\/users\/4"}],"replies":[{"embeddable":true,"href":"https:\/\/deultimominuto.net\/en\/wp-json\/wp\/v2\/comments?post=477559"}],"version-history":[{"count":0,"href":"https:\/\/deultimominuto.net\/en\/wp-json\/wp\/v2\/posts\/477559\/revisions"}],"wp:featuredmedia":[{"embeddable":true,"href":"https:\/\/deultimominuto.net\/en\/wp-json\/wp\/v2\/media\/477560"}],"wp:attachment":[{"href":"https:\/\/deultimominuto.net\/en\/wp-json\/wp\/v2\/media?parent=477559"}],"wp:term":[{"taxonomy":"category","embeddable":true,"href":"https:\/\/deultimominuto.net\/en\/wp-json\/wp\/v2\/categories?post=477559"},{"taxonomy":"post_tag","embeddable":true,"href":"https:\/\/deultimominuto.net\/en\/wp-json\/wp\/v2\/tags?post=477559"}],"curies":[{"name":"wp","href":"https:\/\/api.w.org\/{rel}","templated":true}]}}