{"id":479227,"date":"2025-08-19T18:29:42","date_gmt":"2025-08-19T22:29:42","guid":{"rendered":"https:\/\/deultimominuto.net\/en\/uncategorized\/automatic-draft-15\/"},"modified":"2025-08-19T18:39:23","modified_gmt":"2025-08-19T22:39:23","slug":"senate-reintroduces-organic-bill-that-modifies-labor-code-for-study","status":"publish","type":"post","link":"https:\/\/deultimominuto.net\/en\/uncategorized\/senate-reintroduces-organic-bill-that-modifies-labor-code-for-study\/","title":{"rendered":"Senate reintroduces organic bill that modifies Labor Code for study"},"content":{"rendered":"<strong>Santo Domingo<\/strong>. \u2013 The Senate of the Republic reintroduced this Tuesday the organic bill that modifies the Labor Code with the aim of giving continuity to the analysis process and concluding the study of the legislative piece.\n\nThe initiative was sent back to the special commission chaired by the senator from La Altagracia, Rafael Bar\u00f3n Duluc Rijo, which advanced in the article-by-article examination for several months.\n\nIn that sense, Duluc Rijo was positive that the piece will be sent \"quickly to the plenary\", so that it then goes to the Chamber of Deputies so that this has time to approve it.\n\n\n<figure class=\"wp-block-pullquote\"><blockquote><p>\u201cEse C\u00f3digo est\u00e1 pr\u00e1cticamente terminado desde el punto de vista del Senado, hay algunos puntos de correcciones m\u00e1s gramaticales\u201d,<\/p><cite> se\u00f1al\u00f3.<\/cite><\/blockquote><\/figure>\n\n\nHe also reiterated that severance pay, one of the most debated points, is not touched, highlighting that it is the final decision of the congressmen.\n\n\n<h6 class=\"wp-block-heading\"><strong>You may also be interested in: <a href=\"https:\/\/deultimominuto.net\/nacionales\/catrain-vicepresidente-senado\/\">Pedro Catrain sworn in as new Vice President of the Senate<\/a><\/strong><\/h6>\n\n\nIt is recalled that Ricardo de los Santos, president of the Senate, highlighted that the Labor Code is one of the priorities he has in this new legislature.\n\nWith the reintroduction, the aim is to resume the articles that were pending review and complete a final report that will be submitted to the plenary for a vote.","protected":false},"excerpt":{"rendered":"<p>Santo Domingo. \u2013 The Senate of the Republic reintroduced this Tuesday the organic bill that modifies the Labor Code with the aim of giving continuity to the analysis process and concluding the study of the legislative piece. The initiative was sent back to the special commission chaired by the senator from La Altagracia, Rafael Bar\u00f3n [&hellip;]<\/p>\n","protected":false},"author":133543,"featured_media":0,"comment_status":"open","ping_status":"open","sticky":false,"template":"","format":"standard","meta":{"_acf_changed":false,"footnotes":""},"categories":[1],"tags":[],"class_list":{"0":"post-479227","1":"post","2":"type-post","3":"status-publish","4":"format-standard","6":"category-uncategorized"},"acf":[],"jetpack_featured_media_url":"","dum_api":{"author_name":"Carolina Alvarez","author_image":"https:\/\/secure.gravatar.com\/avatar\/c41b7d2513f99fce290b3781fa561c1b?s=96&d=mm&r=g","categories_name":["Uncategorized"],"featured_media_url":null},"_links":{"self":[{"href":"https:\/\/deultimominuto.net\/en\/wp-json\/wp\/v2\/posts\/479227","targetHints":{"allow":["GET"]}}],"collection":[{"href":"https:\/\/deultimominuto.net\/en\/wp-json\/wp\/v2\/posts"}],"about":[{"href":"https:\/\/deultimominuto.net\/en\/wp-json\/wp\/v2\/types\/post"}],"author":[{"embeddable":true,"href":"https:\/\/deultimominuto.net\/en\/wp-json\/wp\/v2\/users\/133543"}],"replies":[{"embeddable":true,"href":"https:\/\/deultimominuto.net\/en\/wp-json\/wp\/v2\/comments?post=479227"}],"version-history":[{"count":1,"href":"https:\/\/deultimominuto.net\/en\/wp-json\/wp\/v2\/posts\/479227\/revisions"}],"predecessor-version":[{"id":479229,"href":"https:\/\/deultimominuto.net\/en\/wp-json\/wp\/v2\/posts\/479227\/revisions\/479229"}],"wp:attachment":[{"href":"https:\/\/deultimominuto.net\/en\/wp-json\/wp\/v2\/media?parent=479227"}],"wp:term":[{"taxonomy":"category","embeddable":true,"href":"https:\/\/deultimominuto.net\/en\/wp-json\/wp\/v2\/categories?post=479227"},{"taxonomy":"post_tag","embeddable":true,"href":"https:\/\/deultimominuto.net\/en\/wp-json\/wp\/v2\/tags?post=479227"}],"curies":[{"name":"wp","href":"https:\/\/api.w.org\/{rel}","templated":true}]}}