{"id":495391,"date":"2025-12-22T18:50:02","date_gmt":"2025-12-22T22:50:02","guid":{"rendered":"https:\/\/deultimominuto.net\/en\/uncategorized\/assets-of-former-colombian-minister-and-contractors-involved-in-corruption-seized\/"},"modified":"2025-12-22T18:50:02","modified_gmt":"2025-12-22T22:50:02","slug":"assets-of-former-colombian-minister-and-contractors-involved-in-corruption-seized","status":"publish","type":"post","link":"https:\/\/deultimominuto.net\/en\/international\/assets-of-former-colombian-minister-and-contractors-involved-in-corruption-seized\/","title":{"rendered":"Assets of former Colombian minister and contractors involved in corruption seized"},"content":{"rendered":"<strong>Bogot\u00e1<\/strong>.- The Colombian Prosecutor's Office seized 23 properties valued at 65.9 billion pesos <strong>(about 17.3 million dollars)<\/strong> belonging to four contractors and former minister <strong>Karen Abudinen,<\/strong> implicated in the fraud against the State in a contract to provide internet connection to more than 7,000 rural schools.\n\nThe affected properties are located in the departments of <strong>Cundinamarca, Atl\u00e1ntico, C\u00f3rdoba, Sucre, Risaralda and Nari\u00f1o<\/strong>, the Prosecutor's Office detailed in a statement.\n\n\n<p><strong>You may be interested in<\/strong>: <a href=\"http:\/\/Trump announces the construction of two new warships\">http:\/\/Trump announces the construction of two new warships<\/a><\/p>\n\n\nThe seized assets are part of the estate of <strong>Emilio Tapia, Juan Jos\u00e9 Laverde, Ottomar Lascarro, Luis Fernando Duque <\/strong>and some of their relatives.\n\nThe properties are part of the \"<strong>assets of some of those involved in the irregular events detected in the contract signed between the Ministry of Information Technologies and Communications (MinTIC) and the Temporary Union 'Centros Poblados', to provide internet to rural schools in several departments of the country\"<\/strong>, the prosecuting entity indicated.\n\nThe investigation determined that the properties were allegedly acquired with \"resources from the illicit actions discovered in the contracting process and the advance received irregularly by the 'Centros Poblados' Temporary Union.\"\n\nIn September 2021, Minister <strong>Abudinen<\/strong> resigned from her position after the scandal. She was at the head of that ministry from May 2020 to September 2021, during the government of Iv\u00e1n Duque (2018-2022).\n\n\n<p>To start executing the contract, whose total amount exceeds one billion pesos (about 264 million dollars), the Government granted Centros Poblados an advance of 70,000 million pesos (about 18.4 million dollars).<\/p>\n\n\nHowever, local media such as the W Radio station revealed that the contractor, who lacked experience and capacity to fulfill the agreement, presented three false guarantee policies in the bidding process and, after receiving the advance payment, had barely made progress in the execution of the contract.\n\nFurthermore, in accordance with fiscal responsibility decisions issued by the Comptroller's Office, a precautionary measure was also applied to a property of the former Minister of Information Technology and Communications, Karen Abudinen.\n\nThe measures imposed by a prosecutor from the Specialized Directorate for the Extinction of the Right of Domain seek to protect and recover public funds compromised in the execution of the project, which aimed to install 7,277 digital centers in 16 departments of the country.\n\nThe investigation revealed that legitimate assets were combined with resources of illicit origin, in addition to the use of the companies that made up the 'Centros Poblados' Temporary Union as an instrument for the commission of irregularities.","protected":false},"excerpt":{"rendered":"<p>Bogot\u00e1.- The Colombian Prosecutor&#8217;s Office seized 23 properties valued at 65.9 billion pesos (about 17.3 million dollars) belonging to four contractors and former minister Karen Abudinen, implicated in the fraud against the State in a contract to provide internet connection to more than 7,000 rural schools. The affected properties are located in the departments of [&hellip;]<\/p>\n","protected":false},"author":3,"featured_media":495392,"comment_status":"open","ping_status":"open","sticky":false,"template":"","format":"standard","meta":{"_acf_changed":false,"footnotes":""},"categories":[95],"tags":[13631],"class_list":{"0":"post-495391","1":"post","2":"type-post","3":"status-publish","4":"format-standard","5":"has-post-thumbnail","7":"category-international","8":"tag-colombia"},"acf":[],"jetpack_featured_media_url":"https:\/\/deultimominuto.net\/en\/wp-content\/uploads\/sites\/2\/2025\/12\/Karen-Abudinen-exministra-TIC.jpg","dum_api":{"author_name":"EFE","author_image":"https:\/\/deultimominuto.net\/wp-content\/uploads\/2021\/08\/1200px-EFE_logo.svg-96x96.png","categories_name":["International"],"featured_media_url":"https:\/\/cdn.deultimominuto.net\/en\/wp-content\/uploads\/sites\/2\/2025\/12\/Karen-Abudinen-exministra-TIC.jpg"},"_links":{"self":[{"href":"https:\/\/deultimominuto.net\/en\/wp-json\/wp\/v2\/posts\/495391","targetHints":{"allow":["GET"]}}],"collection":[{"href":"https:\/\/deultimominuto.net\/en\/wp-json\/wp\/v2\/posts"}],"about":[{"href":"https:\/\/deultimominuto.net\/en\/wp-json\/wp\/v2\/types\/post"}],"author":[{"embeddable":true,"href":"https:\/\/deultimominuto.net\/en\/wp-json\/wp\/v2\/users\/3"}],"replies":[{"embeddable":true,"href":"https:\/\/deultimominuto.net\/en\/wp-json\/wp\/v2\/comments?post=495391"}],"version-history":[{"count":0,"href":"https:\/\/deultimominuto.net\/en\/wp-json\/wp\/v2\/posts\/495391\/revisions"}],"wp:featuredmedia":[{"embeddable":true,"href":"https:\/\/deultimominuto.net\/en\/wp-json\/wp\/v2\/media\/495392"}],"wp:attachment":[{"href":"https:\/\/deultimominuto.net\/en\/wp-json\/wp\/v2\/media?parent=495391"}],"wp:term":[{"taxonomy":"category","embeddable":true,"href":"https:\/\/deultimominuto.net\/en\/wp-json\/wp\/v2\/categories?post=495391"},{"taxonomy":"post_tag","embeddable":true,"href":"https:\/\/deultimominuto.net\/en\/wp-json\/wp\/v2\/tags?post=495391"}],"curies":[{"name":"wp","href":"https:\/\/api.w.org\/{rel}","templated":true}]}}