{"id":498519,"date":"2026-01-25T18:55:27","date_gmt":"2026-01-25T22:55:27","guid":{"rendered":"https:\/\/deultimominuto.net\/en\/uncategorized\/sns-announces-opening-schedule-for-the-matias-ramon-mella-hospital-in-dajabon\/"},"modified":"2026-01-25T18:55:27","modified_gmt":"2026-01-25T22:55:27","slug":"sns-announces-opening-schedule-for-the-matias-ramon-mella-hospital-in-dajabon","status":"publish","type":"post","link":"https:\/\/deultimominuto.net\/en\/uncategorized\/sns-announces-opening-schedule-for-the-matias-ramon-mella-hospital-in-dajabon\/","title":{"rendered":"SNS announces opening schedule for the Mat\u00edas Ram\u00f3n Mella Hospital in Dajab\u00f3n"},"content":{"rendered":"<strong>Dajab\u00f3n<\/strong>. \u2013 With the purpose of ensuring an orderly and efficient start-up, the director of the National Health Service (SNS), doctor Julio Landr\u00f3n, informed that the Mat\u00edas Ram\u00f3n Mella Provincial Hospital, handed over to the SNS by the Ministry of Housing and Buildings (MIVED), for its commissioning, will begin the progressive opening of its services from February 16th.\n\nDr. Landr\u00f3n highlighted that the residents of Dajab\u00f3n had been waiting for more than 80 years for a hospital with the necessary conditions to address their health needs in a timely manner, and today President Luis Abinader fulfilled their requirements, delivering a new hospital to dignify the care received by users.\n\n\n<blockquote class=\"wp-block-quote is-layout-flow wp-block-quote-is-layout-flow\">\n<p> \"More than a beautiful building, this will be an establishment where humanized treatment of patients is prioritized, a goal that we have set out to achieve in all hospitals of the Public Network,\" stated the executive director of the SNS.<\/p>\n<\/blockquote>\n\n\nThe opening schedule contemplates, in a first phase, the habilitation of the areas of external consultations, as well as the services of Images and Laboratory, which will allow to begin to offer outpatient care and diagnostic support to the population of the province and nearby communities.\n\n\n<h6 class=\"wp-block-heading\"><strong>You can also read: <\/strong><\/h6>\n\n\nSubsequently, on March 9, the Emergency services, hospitalization, operating rooms, and the Intensive Care Unit (ICU) will become operational, significantly expanding the center's response capacity to situations of greater clinical complexity.\n\nThe opening will conclude on April 6 with the activation of the Hemodialysis Unit and the rest of the hospital services, thus completing the integral operability of this modern health infrastructure.\n\n\"This phased process has been designed to ensure that each area has trained personnel, adequate equipment, and the necessary protocols, guaranteeing safe care. Furthermore, it will allow the entire network of Primary Care Units in the province to be articulated by strengthening the referral and counter-referral program, ensuring that patients treated in this hospital receive the proper follow-up in their respective units of origin,\" stated the head of the SNS.\n\nThe delivery and commissioning of the Mat\u00edas Ram\u00f3n Mella Provincial Hospital is part of the actions promoted by the Government to improve access to decent health services in the border provinces.","protected":false},"excerpt":{"rendered":"<p>Dajab\u00f3n. \u2013 With the purpose of ensuring an orderly and efficient start-up, the director of the National Health Service (SNS), doctor Julio Landr\u00f3n, informed that the Mat\u00edas Ram\u00f3n Mella Provincial Hospital, handed over to the SNS by the Ministry of Housing and Buildings (MIVED), for its commissioning, will begin the progressive opening of its services [&hellip;]<\/p>\n","protected":false},"author":133543,"featured_media":0,"comment_status":"open","ping_status":"open","sticky":false,"template":"","format":"standard","meta":{"_acf_changed":false,"footnotes":""},"categories":[1],"tags":[],"class_list":{"0":"post-498519","1":"post","2":"type-post","3":"status-publish","4":"format-standard","6":"category-uncategorized"},"acf":[],"jetpack_featured_media_url":"","dum_api":{"author_name":"Carolina Alvarez","author_image":"https:\/\/secure.gravatar.com\/avatar\/c41b7d2513f99fce290b3781fa561c1b?s=96&d=mm&r=g","categories_name":["Uncategorized"],"featured_media_url":null},"_links":{"self":[{"href":"https:\/\/deultimominuto.net\/en\/wp-json\/wp\/v2\/posts\/498519","targetHints":{"allow":["GET"]}}],"collection":[{"href":"https:\/\/deultimominuto.net\/en\/wp-json\/wp\/v2\/posts"}],"about":[{"href":"https:\/\/deultimominuto.net\/en\/wp-json\/wp\/v2\/types\/post"}],"author":[{"embeddable":true,"href":"https:\/\/deultimominuto.net\/en\/wp-json\/wp\/v2\/users\/133543"}],"replies":[{"embeddable":true,"href":"https:\/\/deultimominuto.net\/en\/wp-json\/wp\/v2\/comments?post=498519"}],"version-history":[{"count":0,"href":"https:\/\/deultimominuto.net\/en\/wp-json\/wp\/v2\/posts\/498519\/revisions"}],"wp:attachment":[{"href":"https:\/\/deultimominuto.net\/en\/wp-json\/wp\/v2\/media?parent=498519"}],"wp:term":[{"taxonomy":"category","embeddable":true,"href":"https:\/\/deultimominuto.net\/en\/wp-json\/wp\/v2\/categories?post=498519"},{"taxonomy":"post_tag","embeddable":true,"href":"https:\/\/deultimominuto.net\/en\/wp-json\/wp\/v2\/tags?post=498519"}],"curies":[{"name":"wp","href":"https:\/\/api.w.org\/{rel}","templated":true}]}}