{"id":498815,"date":"2026-01-28T21:44:23","date_gmt":"2026-01-29T01:44:23","guid":{"rendered":"https:\/\/deultimominuto.net\/en\/uncategorized\/an-emotional-memorial-marked-the-opening-gala-of-the-santo-domingo-global-film-festival\/"},"modified":"2026-01-28T21:44:23","modified_gmt":"2026-01-29T01:44:23","slug":"an-emotional-memorial-marked-the-opening-gala-of-the-santo-domingo-global-film-festival","status":"publish","type":"post","link":"https:\/\/deultimominuto.net\/en\/uncategorized\/an-emotional-memorial-marked-the-opening-gala-of-the-santo-domingo-global-film-festival\/","title":{"rendered":"An emotional memorial marked the opening gala of the Santo Domingo Global Film Festival"},"content":{"rendered":"\n<p><strong>Santo Domingo. -<\/strong>The Santo Domingo Global Film Festival (FCGSD) kicked off its eighteenth edition with an inaugural gala filled with emotion and solemnity, in which one of the most significant moments was the in memoriam memorial, dedicated to paying tribute to outstanding figures of art and culture who passed away during the last year.<\/p>\n\n\nHeld in the main hall of the National Theater, the opening ceremony included a special segment in honor of artists of various nationalities whose work left a deep mark on music, cinema, and popular culture. Among the honored figures were the artists Paquita la del Barrio, Rubby P\u00e9rez, F\u00e9lix Cumbe, as well as the cultural manager Jos\u00e9 Rafael Lantigua, the pioneer of Dominican cinema Agliberto Mel\u00e9ndez, the documentarian Ren\u00e9 Fortunato, the emblematic singer-songwriter Cheo Zorrilla, among other creators whose memory was evoked before a visibly moved audience.\n\nThe memorial was accompanied by a musical moment specially conceived for the occasion, performed by Sofia Bracho Gregory Ponciano of the \"Grupo Prohibido\", becoming one of the most emotional moments of the night. This artistic tribute served as an act of collective remembrance and reaffirmed the festival's commitment to cultural memory, recognition of the artistic legacy and the appreciation of those who have contributed to enrich the cultural heritage of the peoples.\n\n\n<p><strong>We recommend reading: <a href=\"https:\/\/deultimominuto.net\/entretenimiento\/millyfestival-de-cine-global\/\">Milly, the film opens the Global Film Festival this Wednesday<\/a><\/strong><\/p>\n\n\nThe opening ceremony also framed the official start of the festival's programming with the world premiere of the film Milly, the Queen of Merengue, directed by Leticia Tonos, and the dedication of this edition to the memory of the writer and former Minister of Culture Jos\u00e9 Rafael Lantigua, a fundamental figure in Dominican cultural thought.\n\nWith this memorial, the Santo Domingo Global Film Festival not only opened a new edition, but also reaffirmed its vocation to be a space where cinema dialogues with history, art, and the memory of those who have left an indelible mark on culture.","protected":false},"excerpt":{"rendered":"<p>Santo Domingo. -The Santo Domingo Global Film Festival (FCGSD) kicked off its eighteenth edition with an inaugural gala filled with emotion and solemnity, in which one of the most significant moments was the in memoriam memorial, dedicated to paying tribute to outstanding figures of art and culture who passed away during the last year. Held [&hellip;]<\/p>\n","protected":false},"author":111,"featured_media":0,"comment_status":"open","ping_status":"open","sticky":false,"template":"","format":"standard","meta":{"_acf_changed":false,"footnotes":""},"categories":[1],"tags":[],"class_list":{"0":"post-498815","1":"post","2":"type-post","3":"status-publish","4":"format-standard","6":"category-uncategorized"},"acf":[],"jetpack_featured_media_url":"","dum_api":{"author_name":"Ana Laura L\u00f3pez","author_image":"https:\/\/deultimominuto.net\/wp-content\/uploads\/2025\/01\/cropped-WhatsApp-Image-2025-01-29-at-1.45.56-PM-96x96.jpeg","categories_name":["Uncategorized"],"featured_media_url":null},"_links":{"self":[{"href":"https:\/\/deultimominuto.net\/en\/wp-json\/wp\/v2\/posts\/498815","targetHints":{"allow":["GET"]}}],"collection":[{"href":"https:\/\/deultimominuto.net\/en\/wp-json\/wp\/v2\/posts"}],"about":[{"href":"https:\/\/deultimominuto.net\/en\/wp-json\/wp\/v2\/types\/post"}],"author":[{"embeddable":true,"href":"https:\/\/deultimominuto.net\/en\/wp-json\/wp\/v2\/users\/111"}],"replies":[{"embeddable":true,"href":"https:\/\/deultimominuto.net\/en\/wp-json\/wp\/v2\/comments?post=498815"}],"version-history":[{"count":0,"href":"https:\/\/deultimominuto.net\/en\/wp-json\/wp\/v2\/posts\/498815\/revisions"}],"wp:attachment":[{"href":"https:\/\/deultimominuto.net\/en\/wp-json\/wp\/v2\/media?parent=498815"}],"wp:term":[{"taxonomy":"category","embeddable":true,"href":"https:\/\/deultimominuto.net\/en\/wp-json\/wp\/v2\/categories?post=498815"},{"taxonomy":"post_tag","embeddable":true,"href":"https:\/\/deultimominuto.net\/en\/wp-json\/wp\/v2\/tags?post=498815"}],"curies":[{"name":"wp","href":"https:\/\/api.w.org\/{rel}","templated":true}]}}