{"id":499998,"date":"2026-02-12T17:53:47","date_gmt":"2026-02-12T21:53:47","guid":{"rendered":"https:\/\/deultimominuto.net\/en\/uncategorized\/abinader-will-develop-an-international-agenda-in-march-with-summits-and-meetings-with-trump-kast-and-macron\/"},"modified":"2026-02-12T17:53:47","modified_gmt":"2026-02-12T21:53:47","slug":"abinader-will-develop-an-international-agenda-in-march-with-summits-and-meetings-with-trump-kast-and-macron","status":"publish","type":"post","link":"https:\/\/deultimominuto.net\/en\/dominican-news\/abinader-will-develop-an-international-agenda-in-march-with-summits-and-meetings-with-trump-kast-and-macron\/","title":{"rendered":"Abinader will develop an international agenda in March with summits and meetings with Trump, Kast, and Macron"},"content":{"rendered":"<strong>Santo Domingo.<\/strong> - The director of <strong>President's Press, Carlos Alberto Caminero,<\/strong> informed that President <strong>Luis Abinader<\/strong> will undertake an international agenda in March that includes three high-level meetings, in which he will hold meetings with the presidents of the United States, Donald Trump; of Chile, Jos\u00e9 Antonio Kast; and of France, Emmanuel Macron.\n\nCaminero reported that the president will participate on March 7 in the presidential summit convened by the President of <strong>the United States, Donald Trump,<\/strong> which will be held in the city of Miami, a scenario that will bring together leaders to address issues of common interest in the regional and international arena.\n\n\n<p><strong>You may be interested in:<\/strong> <a href=\"http:\/\/Abinader asegura L\u00ednea 2C del Metro cumple est\u00e1ndares de seguridad y est\u00e1 lista para iniciar operaciones\">http:\/\/Abinader asegura L\u00ednea 2C del Metro cumple est\u00e1ndares de seguridad y est\u00e1 lista para iniciar operaciones<\/a><\/p>\n\n\nThe President's Press Director indicated that, subsequently, Abinader will travel to Chile to attend the official handover ceremonies, scheduled from March 10 to 12. Within the framework of this visit, the Dominican head of state has scheduled a bilateral meeting with the new Chilean president, Jos\u00e9 Antonio Kast.\n\nHe added that the ruler's international agenda will continue on March 24 and 25 in France, where he will hold a meeting with French President, <strong>Emmanuel Macron<\/strong> and participate in a meeting of the <strong>Organization for Economic Cooperation and Development (OECD).<\/strong>\n\nWith this agenda, President Abinader reaffirms the country's commitment to international dialogue, the consolidation of strategic alliances, and the projection of the Dominican Republic in the main global arenas.","protected":false},"excerpt":{"rendered":"<p>Santo Domingo. &#8211; The director of President&#8217;s Press, Carlos Alberto Caminero, informed that President Luis Abinader will undertake an international agenda in March that includes three high-level meetings, in which he will hold meetings with the presidents of the United States, Donald Trump; of Chile, Jos\u00e9 Antonio Kast; and of France, Emmanuel Macron. Caminero reported [&hellip;]<\/p>\n","protected":false},"author":4,"featured_media":0,"comment_status":"open","ping_status":"open","sticky":false,"template":"","format":"standard","meta":{"_acf_changed":false,"footnotes":""},"categories":[40216],"tags":[15925,21],"class_list":{"0":"post-499998","1":"post","2":"type-post","3":"status-publish","4":"format-standard","6":"category-dominican-news","7":"tag-donald-trump","8":"tag-luis-abinader"},"acf":[],"jetpack_featured_media_url":"","dum_api":{"author_name":"Redacci\u00f3n De \u00daltimo Minuto","author_image":"https:\/\/deultimominuto.net\/wp-content\/uploads\/2025\/02\/cropped-logo-de-ultimo-minuto-96x96.png","categories_name":["Dominican News"],"featured_media_url":null},"_links":{"self":[{"href":"https:\/\/deultimominuto.net\/en\/wp-json\/wp\/v2\/posts\/499998","targetHints":{"allow":["GET"]}}],"collection":[{"href":"https:\/\/deultimominuto.net\/en\/wp-json\/wp\/v2\/posts"}],"about":[{"href":"https:\/\/deultimominuto.net\/en\/wp-json\/wp\/v2\/types\/post"}],"author":[{"embeddable":true,"href":"https:\/\/deultimominuto.net\/en\/wp-json\/wp\/v2\/users\/4"}],"replies":[{"embeddable":true,"href":"https:\/\/deultimominuto.net\/en\/wp-json\/wp\/v2\/comments?post=499998"}],"version-history":[{"count":0,"href":"https:\/\/deultimominuto.net\/en\/wp-json\/wp\/v2\/posts\/499998\/revisions"}],"wp:attachment":[{"href":"https:\/\/deultimominuto.net\/en\/wp-json\/wp\/v2\/media?parent=499998"}],"wp:term":[{"taxonomy":"category","embeddable":true,"href":"https:\/\/deultimominuto.net\/en\/wp-json\/wp\/v2\/categories?post=499998"},{"taxonomy":"post_tag","embeddable":true,"href":"https:\/\/deultimominuto.net\/en\/wp-json\/wp\/v2\/tags?post=499998"}],"curies":[{"name":"wp","href":"https:\/\/api.w.org\/{rel}","templated":true}]}}