{"id":501366,"date":"2026-03-03T16:51:25","date_gmt":"2026-03-03T20:51:25","guid":{"rendered":"https:\/\/deultimominuto.net\/en\/uncategorized\/trump-threatens-to-cut-trade-with-spain-over-its-stance-on-the-iran-war\/"},"modified":"2026-03-03T16:51:25","modified_gmt":"2026-03-03T20:51:25","slug":"trump-threatens-to-cut-trade-with-spain-over-its-stance-on-the-iran-war","status":"publish","type":"post","link":"https:\/\/deultimominuto.net\/en\/international\/trump-threatens-to-cut-trade-with-spain-over-its-stance-on-the-iran-war\/","title":{"rendered":"Trump threatens to cut trade with Spain over its stance on the Iran war"},"content":{"rendered":"\n<p><strong>Washington\/Madrid\/Brussels.<\/strong>- U.S. President Donald Trump lashed out at Spain this Tuesday for its stance on the Iran war and threatened to impose an embargo and end all bilateral trade relations, as he assured that his country <strong>\"doesn't need anything\"<\/strong> from Spain, a country he called a <strong>\"terrible\"<\/strong> ally.<\/p>\n\n\n\n<p>The refusal of Pedro S\u00e1nchez's government to authorize the use of the military bases of Rota (C\u00e1diz) and Mor\u00f3n de la Frontera (Seville) for attacks on Iran has not pleased the Republican leader, who during a meeting at the White House with the German chancellor, Friedrich Merz, said that he wants to have <strong>\"nothing to do with Spain\".<\/strong><\/p>\n\n\n\n<p><strong>You may be interested in:<\/strong> <a href=\"https:\/\/deultimominuto.net\/internacionales\/estados-unidos-anuncio\/\" data-type=\"post\" data-id=\"619027\">United States announced the destruction of the Iranian regime's fleet operating in the Gulf of Oman<\/a><\/p>\n\n\nFor its part, the Spanish Executive responded to Trump that it fulfills its commitments to NATO and to European defense, and warned him that, if he wants to review the bilateral relationship, he must respect international law and the agreements between the EU and the United States.\n\nIn the same vein, the Community spokesperson for Trade, Olof Gill, when asked about Trump's words regarding Spain, said that the European Commission (EC) trusts that the United States will respect its trade commitments and that it will ensure that \"the interests of the European Union\" are fully protected.\n\n\n<h2 class=\"wp-block-heading\"><strong>Threat of a possible embargo<\/strong><\/h2>\n\n\nSitting next to Merz in the Oval Office, in his first statements to the press since the beginning of Operation Epic Fury against Iran, Trump lamented that Madrid has not been \"friendly\" with the United States.\n\n\"I could stop everything related to Spain, all businesses related to Spain; I have the right to stop it. Embargoes. I do what I want with them, and we could do it with Spain. We are going to cut off all trade,\" he assured.\n\nFollowing this, Trump asked his Treasury Secretary, Scott Bessent, who was present in the Oval Office, about the possibility of imposing an embargo on Spain, and he said that the U.S. Supreme Court \"has reaffirmed the president's ability\" to implement this type of measure.\n\nAfter the first attacks on Tehran, the Spanish Prime Minister, Pedro S\u00e1nchez, rejected the joint military action of the United States and Israel in Iran, considering that it \"contributes to a more uncertain and hostile international order\".\n\nFor Trump, on the other hand, Spain has absolutely nothing that the U.S. needs: \"They have great people, but they lack great leadership,\" he asserted.\n\n\n<h2 class=\"wp-block-heading\"><strong>Spain demands compliance with the law<\/strong><\/h2>\n\n\nSources from the Spanish Executive reacted to the Republican's threats and emphasized that if the American administration wants to review the relationship between the United States and Spain, it must do so respecting the autonomy of private companies, international legality, and bilateral agreements between the European Union and the United States.\n\nPedro S\u00e1nchez's government also defended that Spain fulfills its commitments to NATO and to European defense.\n\nFor his part, the leader of the Popular Party, Alberto N\u00fa\u00f1ez Feij\u00f3o, affirmed that Spain is \"a reliable country, committed to freedom and the values of the West\" and is \"much more than its bad government\".\n\n\n<h2 class=\"wp-block-heading\"><strong>The controversy over the bases of Rota and Mor\u00f3n<\/strong><\/h2>\n\n\nThese words from Trump come after the Government refused to allow his bases, which he owns, although used by the U.S., to be used for operations that are not within the United Nations Charter.\n\n\"And now Spain has even said we couldn't use their bases and so on. We could use their bases if we wanted to. We could just fly in and use them. Nobody is going to tell us not to use them,\" the Republican stated.\n\nDefense Minister Margarita Robles recalled on Monday that the agreement signed with Washington for the use of the bases allows operating within the framework of international legality, but not when an army acts unilaterally.\n\nFor his part, the Minister of Foreign Affairs, Jos\u00e9 Manuel Albares, has pointed out in this regard that Spain \"has the last word\" on this issue: \"We are not going to lend our bases for anything that is not in the treaty nor has a place in the UN Charter.\"\n\nBefore Trump's statements, the Government had said that it saw it as unlikely that his position would entail any \"consequence\".\n\n\n<h2 class=\"wp-block-heading\"><strong>Spain, a \"terrible partner\"<\/strong><\/h2>\n\n\nDiplomatic tensions between the U.S. and Spain have also increased because this country is the \"only\" NATO partner that has not committed to increasing its defense spending to 5% of its GDP, something that Trump has criticized again during the meeting.\n\n\"Some of the European nations have been very helpful, and others not at all,\" Trump said today, adding that \"some European countries, like Spain, have been terrible.\"\n\nFor his part, Merz said in this regard that he is trying to \"convince\" the Spanish Executive to commit to greater spending in this area since in his opinion \"this is part of the common security\" of NATO members and \"everyone must comply with those figures\". ","protected":false},"excerpt":{"rendered":"<p>Washington\/Madrid\/Brussels.- U.S. President Donald Trump lashed out at Spain this Tuesday for its stance on the Iran war and threatened to impose an embargo and end all bilateral trade relations, as he assured that his country &#8220;doesn&#8217;t need anything&#8221; from Spain, a country he called a &#8220;terrible&#8221; ally. The refusal of Pedro S\u00e1nchez&#8217;s government to [&hellip;]<\/p>\n","protected":false},"author":3,"featured_media":0,"comment_status":"open","ping_status":"open","sticky":false,"template":"","format":"standard","meta":{"_acf_changed":false,"footnotes":""},"categories":[95],"tags":[15925,15241,40563],"class_list":{"0":"post-501366","1":"post","2":"type-post","3":"status-publish","4":"format-standard","6":"category-international","7":"tag-donald-trump","8":"tag-iran","9":"tag-spain"},"acf":[],"jetpack_featured_media_url":"","dum_api":{"author_name":"EFE","author_image":"https:\/\/deultimominuto.net\/wp-content\/uploads\/2021\/08\/1200px-EFE_logo.svg-96x96.png","categories_name":["International"],"featured_media_url":null},"_links":{"self":[{"href":"https:\/\/deultimominuto.net\/en\/wp-json\/wp\/v2\/posts\/501366","targetHints":{"allow":["GET"]}}],"collection":[{"href":"https:\/\/deultimominuto.net\/en\/wp-json\/wp\/v2\/posts"}],"about":[{"href":"https:\/\/deultimominuto.net\/en\/wp-json\/wp\/v2\/types\/post"}],"author":[{"embeddable":true,"href":"https:\/\/deultimominuto.net\/en\/wp-json\/wp\/v2\/users\/3"}],"replies":[{"embeddable":true,"href":"https:\/\/deultimominuto.net\/en\/wp-json\/wp\/v2\/comments?post=501366"}],"version-history":[{"count":0,"href":"https:\/\/deultimominuto.net\/en\/wp-json\/wp\/v2\/posts\/501366\/revisions"}],"wp:attachment":[{"href":"https:\/\/deultimominuto.net\/en\/wp-json\/wp\/v2\/media?parent=501366"}],"wp:term":[{"taxonomy":"category","embeddable":true,"href":"https:\/\/deultimominuto.net\/en\/wp-json\/wp\/v2\/categories?post=501366"},{"taxonomy":"post_tag","embeddable":true,"href":"https:\/\/deultimominuto.net\/en\/wp-json\/wp\/v2\/tags?post=501366"}],"curies":[{"name":"wp","href":"https:\/\/api.w.org\/{rel}","templated":true}]}}