{"id":501537,"date":"2026-03-05T14:17:41","date_gmt":"2026-03-05T18:17:41","guid":{"rendered":"https:\/\/deultimominuto.net\/en\/uncategorized\/sheinbaum-launches-a-contest-to-choose-the-young-woman-who-will-represent-mexico-at-the-opening-of-the-world-cup\/"},"modified":"2026-03-05T14:17:41","modified_gmt":"2026-03-05T18:17:41","slug":"sheinbaum-launches-a-contest-to-choose-the-young-woman-who-will-represent-mexico-at-the-opening-of-the-world-cup","status":"publish","type":"post","link":"https:\/\/deultimominuto.net\/en\/sports\/football\/sheinbaum-launches-a-contest-to-choose-the-young-woman-who-will-represent-mexico-at-the-opening-of-the-world-cup\/","title":{"rendered":"Sheinbaum launches a contest to choose the young woman who will represent Mexico at the opening of the World Cup"},"content":{"rendered":"\n<p><\/p>\n\n\nMexico City (EFE).- Mexico's president, Claudia Sheinbaum, announced this Thursday a contest aimed at young soccer players to choose who will represent her at the opening ceremony of the 2026 World Cup, while she will follow the event from the Z\u00f3calo of Mexico City.\n\n\n<p><strong>You may be interested in:<\/strong><a href=\"https:\/\/deultimominuto.net\/deportes\/futbol\/la-uefa-aclara-que-no-se-esta-considerando-ninguna-sede-alternativa-de-la-finalissima-prevista-en-lusail-catar\/#google_vignette\"> UEFA clarifies that no alternative venue for the Finalissima scheduled in Lusail (Qatar) is being considered<\/a><\/p>\n\n\nDuring her conference, the president explained that the contest will be called 'Represent Mexico at the World Cup Opening' and that the prize will be a ticket to attend the opening ceremony.\n\n\"The contest is called 'Represent Mexico at the World Cup opening.' With what ticket? With the president's ticket. It's this ticket. 00001. I will be here in the Z\u00f3calo with the people watching the opening. While a young woman will represent me at the opening,\" she affirmed.\n\n\n<figure class=\"wp-block-image\"><img decoding=\"async\" src=\"https:\/\/i0.wp.com\/efe.com\/wp-content\/uploads\/2026\/03\/Mexico-Mundial-4.webp?resize=900%2C600&amp;ssl=1\" alt=\"Sheinbaum lanza concurso para elegir a la joven que representar\u00e1 M\u00e9xico en la apertura del Mundial\" class=\"wp-image-2540995\" title=\"\"><figcaption class=\"wp-element-caption\">La presidenta de M\u00e9xico, Claudia Sheinbaum, habla durante una rueda de prensa, este 5 de marzo de 2026, en el Palacio Nacional, en Ciudad de M\u00e9xico (M\u00e9xico). EFE\/Mario Guzm\u00e1n<\/figcaption><\/figure>\n\n\nThe&nbsp;<a href=\"https:\/\/efe.com\/deportes\/mexico-copa-mundial-futbol\/\" target=\"_blank\" rel=\"noopener\">Mexican president<\/a>&nbsp;explained that the decision seeks to give prominence to the young soccer players of the country.\n\n\"I think a young woman who plays soccer is a great representative of our country. Very few people will be able to go to the inauguration. Very few people. So, I'm going to watch it here with the people. And a young woman is going to represent us, is going to represent me and the people of Mexico at the inauguration,\" he assured.\n\n\n<h2 class=\"wp-block-heading\" id=\"h-como-se-elige-a-la-representante-de-mexico-en-la-inauguracion-del-mundial\">\nHow is Mexico's representative chosen for the World Cup opening ceremony?\n<\/h2>\n\n\nThe contest will be aimed at women between 16 and 25 years old, who must send a video and demonstrate their skill by doing pull-ups with the ball for one minute.\n\n\n<p>The opening match of the World Cup will be on June 11th and will pit the&nbsp;<a href=\"https:\/\/efe.com\/deportes\/2026-03-03\/a-100-dias-del-mundial-mexico-enciende-luces-rojas\/\" target=\"_blank\" rel=\"noopener\">Mexico and South Africa national teams<\/a> against each other in the legendary Azteca Stadium in the Mexican capital.<\/p>\n\n\n\n<figure class=\"wp-block-image\"><img decoding=\"async\" src=\"https:\/\/i0.wp.com\/efe.com\/wp-content\/uploads\/2026\/03\/Mexico-Mundial-3.webp?resize=900%2C600&amp;ssl=1\" alt=\"Sheinbaum lanza concurso para elegir a joven que la representar\u00e1 en apertura del Mundial\" class=\"wp-image-2540956\" title=\"\"><figcaption class=\"wp-element-caption\">La futbolista mexicana Charlyn Corral, participa en una rueda de prensa, este 5 de marzo de 2026, en el Palacio Nacional, en Ciudad de M\u00e9xico (M\u00e9xico). EFE\/Mario Guzm\u00e1n<\/figcaption><\/figure>\n\n\nThe jury will be made up of prominent figures from soccer and sports journalism in Mexico. Among them is the Mexican referee Katia Itzel Garc\u00eda, who in 2024 became the first woman in two decades to referee a men's Liga MX match as the central referee and has been recognized among the best referees in the world.\n\nAlso participating will be Mexican soccer player Charlyn Corral, winner of the 2024 National Sports Award and all-time top scorer in the Liga MX Femenil, and it is completed by sports journalist Gabriela Fern\u00e1ndez, a pioneer in the narration of soccer matches on national television.\n\n\n<h2 class=\"wp-block-heading\" id=\"h-por-que-elegir-a-una-joven\">Why choose a young woman?<\/h2>\n\n\nSheinbaum highlighted that the initiative also seeks to promote equality in sports and give visibility to women's soccer.\n\n\n<figure class=\"wp-block-image\"><img decoding=\"async\" src=\"https:\/\/i0.wp.com\/efe.com\/wp-content\/uploads\/2026\/03\/Mexico-Mundial-2.webp?resize=900%2C600&amp;ssl=1\" alt=\"Sheinbaum lanza concurso para elegir a joven que la representar\u00e1 en apertura del Mundial\" class=\"wp-image-2540952\" title=\"\"><figcaption class=\"wp-element-caption\">La \u00e1rbitra mexicana Katia Itzel Garc\u00eda, participa en una rueda de prensa, este 5 de marzo de 2026, en el Palacio Nacional, en Ciudad de M\u00e9xico (M\u00e9xico). EFE\/Mario Guzm\u00e1n<\/figcaption><\/figure>\n\n\n\"Remember that football for many years was thought to be for men,\" said the president, who added that, although the situation has changed, there are still inequalities in the recognition and conditions for female players.\n\nThe <a href=\"https:\/\/efe.com\/deportes\/2026-02-27\/sheinbaum-remarca-que-la-fifa-confirma-el-mundial-en-mexico\/\" target=\"_blank\" rel=\"noopener\">inaugural match<\/a> of the World Cup will be on June 11 and will pit the national teams of Mexico and South Africa against each other in the legendary Azteca Stadium in the Mexican capital.","protected":false},"excerpt":{"rendered":"<p>Mexico City (EFE).- Mexico&#8217;s president, Claudia Sheinbaum, announced this Thursday a contest aimed at young soccer players to choose who will represent her at the opening ceremony of the 2026 World Cup, while she will follow the event from the Z\u00f3calo of Mexico City. You may be interested in: UEFA clarifies that no alternative venue [&hellip;]<\/p>\n","protected":false},"author":3,"featured_media":0,"comment_status":"open","ping_status":"open","sticky":false,"template":"","format":"standard","meta":{"_acf_changed":false,"footnotes":""},"categories":[40943],"tags":[43446,611,40231,40853],"class_list":{"0":"post-501537","1":"post","2":"type-post","3":"status-publish","4":"format-standard","6":"category-football","7":"tag-2026-fifa-world-cup","8":"tag-deultimominuto","9":"tag-dominican-republic","10":"tag-thetruthnewspaper"},"acf":[],"jetpack_featured_media_url":"","dum_api":{"author_name":"EFE","author_image":"https:\/\/deultimominuto.net\/wp-content\/uploads\/2021\/08\/1200px-EFE_logo.svg-96x96.png","categories_name":["Football"],"featured_media_url":null},"_links":{"self":[{"href":"https:\/\/deultimominuto.net\/en\/wp-json\/wp\/v2\/posts\/501537","targetHints":{"allow":["GET"]}}],"collection":[{"href":"https:\/\/deultimominuto.net\/en\/wp-json\/wp\/v2\/posts"}],"about":[{"href":"https:\/\/deultimominuto.net\/en\/wp-json\/wp\/v2\/types\/post"}],"author":[{"embeddable":true,"href":"https:\/\/deultimominuto.net\/en\/wp-json\/wp\/v2\/users\/3"}],"replies":[{"embeddable":true,"href":"https:\/\/deultimominuto.net\/en\/wp-json\/wp\/v2\/comments?post=501537"}],"version-history":[{"count":0,"href":"https:\/\/deultimominuto.net\/en\/wp-json\/wp\/v2\/posts\/501537\/revisions"}],"wp:attachment":[{"href":"https:\/\/deultimominuto.net\/en\/wp-json\/wp\/v2\/media?parent=501537"}],"wp:term":[{"taxonomy":"category","embeddable":true,"href":"https:\/\/deultimominuto.net\/en\/wp-json\/wp\/v2\/categories?post=501537"},{"taxonomy":"post_tag","embeddable":true,"href":"https:\/\/deultimominuto.net\/en\/wp-json\/wp\/v2\/tags?post=501537"}],"curies":[{"name":"wp","href":"https:\/\/api.w.org\/{rel}","templated":true}]}}