{"id":501649,"date":"2026-03-06T17:47:06","date_gmt":"2026-03-06T21:47:06","guid":{"rendered":"https:\/\/deultimominuto.net\/en\/uncategorized\/culture-and-district-14-04-hold-meeting-the-power-of-good-words-in-samana\/"},"modified":"2026-03-06T17:47:06","modified_gmt":"2026-03-06T21:47:06","slug":"culture-and-district-14-04-hold-meeting-the-power-of-good-words-in-samana","status":"publish","type":"post","link":"https:\/\/deultimominuto.net\/en\/uncategorized\/culture-and-district-14-04-hold-meeting-the-power-of-good-words-in-samana\/","title":{"rendered":"Culture and District 14-04 hold meeting \"The Power of Good Words\" in Saman\u00e1"},"content":{"rendered":"<p><strong>Saman\u00e1. -<\/strong> The municipality of Saman\u00e1 was the scene of a significant meeting of the initiative \"The Power of Good Words\", held at the Rosa F\u00edgaro Viuda Ram\u00f3n School, with the participation of educational authorities, teachers and students.<\/p>\n<p>The activity was attended by Roberto \u00c1ngel Salcedo, who promotes this initiative aimed at strengthening assertive communication and promoting positive values within the education system.<\/p>\n<p>The meeting was also attended by the director of the 14-04 Educational District of Saman\u00e1, Adalberta Luc\u00eda Calca\u00f1o Maldonado, along with district technicians, directors of educational centers and teachers from the area.<\/p>\n<p>The discussion was moderated by student Kemill Barett, who led an enriching dialogue among the participants, highlighting the importance of respect, empathy, and the use of constructive words in school coexistence.<\/p>\n<p>We recommend reading:<\/p>\n<p>Also, the activity was attended by the provincial governor of Saman\u00e1, Teodora Mullix Geraldino, as well as the deputy for the province Cecilio Garc\u00eda, in addition to other local and municipal authorities who supported this space for dialogue and reflection.<\/p>\n<p>In addition, the meeting was attended by the 14-07 Educational District of Las Terrenas, represented by the Santo Esteban Rivera Polytechnic. Likewise, various educational centers from the 14-04 Educational District of Saman\u00e1 were present, including the Natividad Zuleica Polytechnic, \u00c1ngela del Rosario de Ray (Arts Mode), the Andrea de Pe\u00f1a High School, the Manuela Mullix Ferm\u00edn Polytechnic and the Jos\u00e9 Gabriel Garc\u00eda Educational Center, with secondary level service.<\/p>\n<p>The initiative \"The Power of Good Words\" continues to consolidate as a key program to promote peaceful coexistence, respect, and the strengthening of values within the education system in the Dominican Republic.<\/p>\n","protected":false},"excerpt":{"rendered":"<p>Saman\u00e1. &#8211; The municipality of Saman\u00e1 was the scene of a significant meeting of the initiative &#8220;The Power of Good Words&#8221;, held at the Rosa F\u00edgaro Viuda Ram\u00f3n School, with the participation of educational authorities, teachers and students. The activity was attended by Roberto \u00c1ngel Salcedo, who promotes this initiative aimed at strengthening assertive communication [&hellip;]<\/p>\n","protected":false},"author":133556,"featured_media":0,"comment_status":"open","ping_status":"open","sticky":false,"template":"","format":"standard","meta":{"_acf_changed":false,"footnotes":""},"categories":[1],"tags":[],"class_list":{"0":"post-501649","1":"post","2":"type-post","3":"status-publish","4":"format-standard","6":"category-uncategorized"},"acf":[],"jetpack_featured_media_url":"","dum_api":{"author_name":"Yerandi Santana","author_image":"https:\/\/deultimominuto.net\/wp-content\/uploads\/2026\/02\/cropped-WhatsApp-Image-2026-02-13-at-5.35.07-PM-96x96.jpeg","categories_name":["Uncategorized"],"featured_media_url":null},"_links":{"self":[{"href":"https:\/\/deultimominuto.net\/en\/wp-json\/wp\/v2\/posts\/501649","targetHints":{"allow":["GET"]}}],"collection":[{"href":"https:\/\/deultimominuto.net\/en\/wp-json\/wp\/v2\/posts"}],"about":[{"href":"https:\/\/deultimominuto.net\/en\/wp-json\/wp\/v2\/types\/post"}],"author":[{"embeddable":true,"href":"https:\/\/deultimominuto.net\/en\/wp-json\/wp\/v2\/users\/133556"}],"replies":[{"embeddable":true,"href":"https:\/\/deultimominuto.net\/en\/wp-json\/wp\/v2\/comments?post=501649"}],"version-history":[{"count":0,"href":"https:\/\/deultimominuto.net\/en\/wp-json\/wp\/v2\/posts\/501649\/revisions"}],"wp:attachment":[{"href":"https:\/\/deultimominuto.net\/en\/wp-json\/wp\/v2\/media?parent=501649"}],"wp:term":[{"taxonomy":"category","embeddable":true,"href":"https:\/\/deultimominuto.net\/en\/wp-json\/wp\/v2\/categories?post=501649"},{"taxonomy":"post_tag","embeddable":true,"href":"https:\/\/deultimominuto.net\/en\/wp-json\/wp\/v2\/tags?post=501649"}],"curies":[{"name":"wp","href":"https:\/\/api.w.org\/{rel}","templated":true}]}}