{"id":501655,"date":"2026-03-06T18:11:32","date_gmt":"2026-03-06T22:11:32","guid":{"rendered":"https:\/\/deultimominuto.net\/en\/uncategorized\/judge-sentences-to-21-years-someone-involved-in-the-murder-of-colombian-senator-miguel-uribe-turbay\/"},"modified":"2026-03-06T18:16:24","modified_gmt":"2026-03-06T22:16:24","slug":"judge-sentences-to-21-years-someone-involved-in-the-murder-of-colombian-senator-miguel-uribe-turbay","status":"publish","type":"post","link":"https:\/\/deultimominuto.net\/en\/international\/judge-sentences-to-21-years-someone-involved-in-the-murder-of-colombian-senator-miguel-uribe-turbay\/","title":{"rendered":"Judge sentences to 21 years someone involved in the murder of Colombian senator Miguel Uribe Turbay"},"content":{"rendered":"<strong>Bogot\u00e1.<\/strong>- A criminal judge in <strong>Bogot\u00e1<\/strong> sentenced <strong>Carlos Eduardo Mora, alias El veneco<\/strong>, one of those involved in the assassination of Senator and presidential candidate Miguel Uribe Turbay, who died on August 11, two months after being seriously injured in an attack in Bogot\u00e1, to 21 years in prison.\n\nAccording to the Attorney General's Office, <strong>\"Mora Gonz\u00e1lez<\/strong> was involved in the logistical organization of the attack, and drove and made available a vehicle (...) in which the firearm was delivered to the teenager who subsequently shot the victim.\"\n\n\n<p><strong>You may be interested in:<\/strong> <a href=\"https:\/\/deultimominuto.net\/internacionales\/colombia-despide-a-miguel-uribe\/\" data-type=\"post\" data-id=\"515384\">Colombia says goodbye to Miguel Uribe Turbay<\/a><\/p>\n\n\nMora, who is imprisoned in a Bogota jail, was convicted of the crimes of aggravated homicide; aggravated conspiracy to commit a crime; and manufacturing, trafficking, carrying or possession of firearms, accessories, parts or ammunition, also aggravated.\n\nNine people have been arrested in this case, including the minor who shot at the politician, and who was \"sanctioned\" on August 27 with seven years of deprivation of liberty for the crimes of attempted murder and manufacturing, trafficking, carrying or possession of firearms.\n\nAnother of those involved in the case, <strong>Katherine Andrea Mart\u00ednez, alias Gabriela,<\/strong> was also sentenced in February to 21 years and two months in prison.\n\nUribe Turbay, 39 years old, was a senator for the right-wing Democratic Center party and was emerging as a presidential candidate for the elections on May 31st.\n\nAfter being seriously injured in the attack on June 7, <strong>Uribe Turbay <\/strong>died on August 11 after two months in the hospital at the Santa Fe Foundation Clinic in Bogot\u00e1.\n\nThe attack, considered the first assassination of a presidential candidate in more than three decades, shook the electoral campaign and revived fears that Colombia would repeat episodes of political violence like those of 1990, when candidates Luis Carlos Gal\u00e1n, Bernardo Jaramillo Ossa and Carlos Pizarro were assassinated.","protected":false},"excerpt":{"rendered":"<p>Bogot\u00e1.- A criminal judge in Bogot\u00e1 sentenced Carlos Eduardo Mora, alias El veneco, one of those involved in the assassination of Senator and presidential candidate Miguel Uribe Turbay, who died on August 11, two months after being seriously injured in an attack in Bogot\u00e1, to 21 years in prison. According to the Attorney General&#8217;s Office, [&hellip;]<\/p>\n","protected":false},"author":3,"featured_media":0,"comment_status":"open","ping_status":"open","sticky":false,"template":"","format":"standard","meta":{"_acf_changed":false,"footnotes":""},"categories":[95],"tags":[41147],"class_list":{"0":"post-501655","1":"post","2":"type-post","3":"status-publish","4":"format-standard","6":"category-international","7":"tag-miguel-uribe-turbay"},"acf":[],"jetpack_featured_media_url":"","dum_api":{"author_name":"EFE","author_image":"https:\/\/deultimominuto.net\/wp-content\/uploads\/2021\/08\/1200px-EFE_logo.svg-96x96.png","categories_name":["International"],"featured_media_url":null},"_links":{"self":[{"href":"https:\/\/deultimominuto.net\/en\/wp-json\/wp\/v2\/posts\/501655","targetHints":{"allow":["GET"]}}],"collection":[{"href":"https:\/\/deultimominuto.net\/en\/wp-json\/wp\/v2\/posts"}],"about":[{"href":"https:\/\/deultimominuto.net\/en\/wp-json\/wp\/v2\/types\/post"}],"author":[{"embeddable":true,"href":"https:\/\/deultimominuto.net\/en\/wp-json\/wp\/v2\/users\/3"}],"replies":[{"embeddable":true,"href":"https:\/\/deultimominuto.net\/en\/wp-json\/wp\/v2\/comments?post=501655"}],"version-history":[{"count":1,"href":"https:\/\/deultimominuto.net\/en\/wp-json\/wp\/v2\/posts\/501655\/revisions"}],"predecessor-version":[{"id":501656,"href":"https:\/\/deultimominuto.net\/en\/wp-json\/wp\/v2\/posts\/501655\/revisions\/501656"}],"wp:attachment":[{"href":"https:\/\/deultimominuto.net\/en\/wp-json\/wp\/v2\/media?parent=501655"}],"wp:term":[{"taxonomy":"category","embeddable":true,"href":"https:\/\/deultimominuto.net\/en\/wp-json\/wp\/v2\/categories?post=501655"},{"taxonomy":"post_tag","embeddable":true,"href":"https:\/\/deultimominuto.net\/en\/wp-json\/wp\/v2\/tags?post=501655"}],"curies":[{"name":"wp","href":"https:\/\/api.w.org\/{rel}","templated":true}]}}