{"id":501937,"date":"2026-03-10T21:41:16","date_gmt":"2026-03-11T01:41:16","guid":{"rendered":"https:\/\/deultimominuto.net\/en\/uncategorized\/president-abinader-offers-a-formal-greeting-to-his-chilean-counterpart-gabriel-boric\/"},"modified":"2026-03-10T21:44:26","modified_gmt":"2026-03-11T01:44:26","slug":"president-abinader-offers-a-formal-greeting-to-his-chilean-counterpart-gabriel-boric","status":"publish","type":"post","link":"https:\/\/deultimominuto.net\/en\/dominican-news\/politics\/president-abinader-offers-a-formal-greeting-to-his-chilean-counterpart-gabriel-boric\/","title":{"rendered":"President Abinader offers a formal greeting to his Chilean counterpart, Gabriel Boric"},"content":{"rendered":"<strong>Santiago de Chile.<\/strong>- President Luis Abinader presented his formal greeting to his counterpart from <strong>Chile, Gabriel Boric,<\/strong> at the Palacio de La Moneda (Chilean government house).\n\nThe Dominican ruler arrived at 6:30 P.M. (local time) at the <strong>Arturo Merino Ben\u00edtez Airport in Santiago<\/strong> to attend, along with other heads of <strong>State and\/or Government<\/strong>, the inauguration as president of the South American nation of Jos\u00e9 Antonio Kast this March 11th.\n\n\n<p><strong>You may be interested in:<\/strong> <a href=\"https:\/\/deultimominuto.net\/internacionales\/gabriel-boric-jura-como-nuevo-presidente-de-chile%ef%bf%bc%ef%bf%bc\/\" data-type=\"post\" data-id=\"65309\">Gabriel Boric sworn in as the new president of Chile<\/a><\/p>\n\n\nOn this occasion, the Dominican head of state is accompanied by the first lady, Raquel Arbaje; his daughter Adriana Abinader Arbaje and the Minister of Foreign Affairs, Roberto \u00c1lvarez.\n\nThe Dominican president is among the heads of state or government who, along with King Felipe VI of Spain, are participating in the inauguration of the elected Chilean leader, who will succeed the current dignitary in office.\n\n\n<h2 class=\"wp-block-heading\"><strong>Official Activities for this Wednesday<\/strong><\/h2>\n\n\nFor this Wednesday the 11th, the Dominican president and his official delegation will participate in the solemn ceremony of the transmission of presidential command and taking of the oath to the new Presidential Cabinet in the Hall of Honor of the National Congress of Chile, in Valpara\u00edso.\n\nThen, they will attend the lunch offered by the invested President Jos\u00e9 Antonio Kast Rist and the First Lady, Mar\u00eda P\u00eda Adriasola de Kast, in honor of the heads of State and Government, vice presidents and\/or prime ministers and special guests to the inauguration at the Cerro Castillo Palace, Vi\u00f1a del Mar.\n\nWith the official activities concluded, Abinader is scheduled to travel to the Dominican Republic on March 11th.","protected":false},"excerpt":{"rendered":"<p>Santiago de Chile.- President Luis Abinader presented his formal greeting to his counterpart from Chile, Gabriel Boric, at the Palacio de La Moneda (Chilean government house). The Dominican ruler arrived at 6:30 P.M. (local time) at the Arturo Merino Ben\u00edtez Airport in Santiago to attend, along with other heads of State and\/or Government, the inauguration [&hellip;]<\/p>\n","protected":false},"author":4,"featured_media":0,"comment_status":"open","ping_status":"open","sticky":false,"template":"","format":"standard","meta":{"_acf_changed":false,"footnotes":""},"categories":[40216,36953],"tags":[21],"class_list":{"0":"post-501937","1":"post","2":"type-post","3":"status-publish","4":"format-standard","6":"category-dominican-news","7":"category-politics","8":"tag-luis-abinader"},"acf":[],"jetpack_featured_media_url":"","dum_api":{"author_name":"Redacci\u00f3n De \u00daltimo Minuto","author_image":"https:\/\/deultimominuto.net\/wp-content\/uploads\/2025\/02\/cropped-logo-de-ultimo-minuto-96x96.png","categories_name":["Dominican News","Politics"],"featured_media_url":null},"_links":{"self":[{"href":"https:\/\/deultimominuto.net\/en\/wp-json\/wp\/v2\/posts\/501937","targetHints":{"allow":["GET"]}}],"collection":[{"href":"https:\/\/deultimominuto.net\/en\/wp-json\/wp\/v2\/posts"}],"about":[{"href":"https:\/\/deultimominuto.net\/en\/wp-json\/wp\/v2\/types\/post"}],"author":[{"embeddable":true,"href":"https:\/\/deultimominuto.net\/en\/wp-json\/wp\/v2\/users\/4"}],"replies":[{"embeddable":true,"href":"https:\/\/deultimominuto.net\/en\/wp-json\/wp\/v2\/comments?post=501937"}],"version-history":[{"count":1,"href":"https:\/\/deultimominuto.net\/en\/wp-json\/wp\/v2\/posts\/501937\/revisions"}],"predecessor-version":[{"id":501938,"href":"https:\/\/deultimominuto.net\/en\/wp-json\/wp\/v2\/posts\/501937\/revisions\/501938"}],"wp:attachment":[{"href":"https:\/\/deultimominuto.net\/en\/wp-json\/wp\/v2\/media?parent=501937"}],"wp:term":[{"taxonomy":"category","embeddable":true,"href":"https:\/\/deultimominuto.net\/en\/wp-json\/wp\/v2\/categories?post=501937"},{"taxonomy":"post_tag","embeddable":true,"href":"https:\/\/deultimominuto.net\/en\/wp-json\/wp\/v2\/tags?post=501937"}],"curies":[{"name":"wp","href":"https:\/\/api.w.org\/{rel}","templated":true}]}}