{"id":502077,"date":"2026-03-12T19:54:17","date_gmt":"2026-03-12T23:54:17","guid":{"rendered":"https:\/\/deultimominuto.net\/en\/uncategorized\/mp-requests-preventive-prison-for-two-men-accused-of-assaulting-a-woman-in-santiago\/"},"modified":"2026-03-12T19:54:17","modified_gmt":"2026-03-12T23:54:17","slug":"mp-requests-preventive-prison-for-two-men-accused-of-assaulting-a-woman-in-santiago","status":"publish","type":"post","link":"https:\/\/deultimominuto.net\/en\/dominican-news\/justice\/mp-requests-preventive-prison-for-two-men-accused-of-assaulting-a-woman-in-santiago\/","title":{"rendered":"MP requests preventive prison for two men accused of assaulting a woman in Santiago"},"content":{"rendered":"<strong>SANTO DOMINGO.<\/strong> \u2013 The <strong>Public Ministry<\/strong> requested the <strong>Judicial Office of Permanent Attention Services of Santiago<\/strong> the imposition of preventive prison as a coercive measure against two men accused of committing an assault to the detriment of a woman on the public road, an event that occurred last Sunday, March 8.\n\nThe instance presented by the <strong>Prosecutor's Office of Santiago<\/strong> identifies the accused as <strong>David Jim\u00e9nez F\u00e9liz<\/strong> and <strong>Christopher Torres Ortiz<\/strong>, alias <strong>\u201cEl Mosquito\u201d,<\/strong> who allegedly snatched the purse from a Haitian woman while she was walking along a section of Salvador Cucurullo street, in the center of the city of <strong>Santiago de los Caballeros<\/strong>.\n\n\n<p><strong>You may be interested in: <\/strong><a href=\"http:\/\/MP solicitar\u00e1 coerci\u00f3n contra se\u00f1alados como autores intelectual y material de asalto a joyer\u00eda en Cristo Rey\">http:\/\/MP solicitar\u00e1 coerci\u00f3n contra se\u00f1alados como autores intelectual y material de asalto a joyer\u00eda en Cristo Rey<\/a><\/p>\n\n\nAccording to the record, both were traveling on a black Z3000 CG200 motorcycle, driven by Jim\u00e9nez F\u00e9lix, when Torres Ortiz would have snatched the wallet from the victim, which contained cash.\n\nThe document indicates that, after committing the act, the driver of a vehicle who witnessed the scene hit the alleged assailants' motorcycle to prevent their escape. As a result of the crash, the motorcycle was partially destroyed, so the suspects left the scene on foot.\n\nSubsequently, the Santiago Prosecutor's Office executed the arrest warrants against the accused when they appeared before the Department of Crimes and Offenses against Property of the prosecuting body.\n\nThe Public Ministry indicated that it has videos from surveillance cameras that captured the incident, which were collected by the <strong>Central Investigation Directorate (DICRIM)<\/strong> and the <strong>Cybernetic Police Area Directorate (DICAT)<\/strong>.\n\nProvisionally, the accused are charged with violating several articles of the <strong>Dominican Republic Penal Code<\/strong>, related to criminal association and attempted robbery with violence on public roads.\n\nThe court postponed the hearing until Friday, March 13th.","protected":false},"excerpt":{"rendered":"<p>SANTO DOMINGO. \u2013 The Public Ministry requested the Judicial Office of Permanent Attention Services of Santiago the imposition of preventive prison as a coercive measure against two men accused of committing an assault to the detriment of a woman on the public road, an event that occurred last Sunday, March 8. The instance presented by [&hellip;]<\/p>\n","protected":false},"author":4,"featured_media":0,"comment_status":"open","ping_status":"open","sticky":false,"template":"","format":"standard","meta":{"_acf_changed":false,"footnotes":""},"categories":[36952],"tags":[41088,40265],"class_list":{"0":"post-502077","1":"post","2":"type-post","3":"status-publish","4":"format-standard","6":"category-justice","7":"tag-preventive-detention","8":"tag-public-ministry"},"acf":[],"jetpack_featured_media_url":"","dum_api":{"author_name":"Redacci\u00f3n De \u00daltimo Minuto","author_image":"https:\/\/deultimominuto.net\/wp-content\/uploads\/2025\/02\/cropped-logo-de-ultimo-minuto-96x96.png","categories_name":["Justice"],"featured_media_url":null},"_links":{"self":[{"href":"https:\/\/deultimominuto.net\/en\/wp-json\/wp\/v2\/posts\/502077","targetHints":{"allow":["GET"]}}],"collection":[{"href":"https:\/\/deultimominuto.net\/en\/wp-json\/wp\/v2\/posts"}],"about":[{"href":"https:\/\/deultimominuto.net\/en\/wp-json\/wp\/v2\/types\/post"}],"author":[{"embeddable":true,"href":"https:\/\/deultimominuto.net\/en\/wp-json\/wp\/v2\/users\/4"}],"replies":[{"embeddable":true,"href":"https:\/\/deultimominuto.net\/en\/wp-json\/wp\/v2\/comments?post=502077"}],"version-history":[{"count":0,"href":"https:\/\/deultimominuto.net\/en\/wp-json\/wp\/v2\/posts\/502077\/revisions"}],"wp:attachment":[{"href":"https:\/\/deultimominuto.net\/en\/wp-json\/wp\/v2\/media?parent=502077"}],"wp:term":[{"taxonomy":"category","embeddable":true,"href":"https:\/\/deultimominuto.net\/en\/wp-json\/wp\/v2\/categories?post=502077"},{"taxonomy":"post_tag","embeddable":true,"href":"https:\/\/deultimominuto.net\/en\/wp-json\/wp\/v2\/tags?post=502077"}],"curies":[{"name":"wp","href":"https:\/\/api.w.org\/{rel}","templated":true}]}}