{"id":502224,"date":"2026-03-15T16:31:46","date_gmt":"2026-03-15T20:31:46","guid":{"rendered":"https:\/\/deultimominuto.net\/en\/uncategorized\/one-dead-and-two-injured-after-armed-incident-in-bejuco-community-sfm\/"},"modified":"2026-03-15T16:31:46","modified_gmt":"2026-03-15T20:31:46","slug":"one-dead-and-two-injured-after-armed-incident-in-bejuco-community-sfm","status":"publish","type":"post","link":"https:\/\/deultimominuto.net\/en\/dominican-news\/one-dead-and-two-injured-after-armed-incident-in-bejuco-community-sfm\/","title":{"rendered":"One dead and two injured after armed incident in Bejuco community, SFM"},"content":{"rendered":"<strong>SAN FRANCISCO DE MACOR\u00cdS.<\/strong> \u2013 Violence shook the tranquility of the community of <strong>Bejuco<\/strong> during the last hours, leaving one person dead and two others injured in an event that the authorities still describe as a \u201cconfusing incident.\u201d\n\nThe preliminary report identifies the deceased as <strong>Edickson Balbi Padilla<\/strong>, 35 years old. His body was transferred to the morgue of the <strong>Dr. \u00c1ngel Mar\u00eda Gat\u00f3n Hospital<\/strong>, where the corresponding protocol of <strong>Forensic Medicine<\/strong> is expected.\n\n\n<p><strong>You may be interested in:<\/strong> <a href=\"https:\/\/deultimominuto.net\/internacionales\/varios-muertos-autobus-en-suiza\/\" data-type=\"post\" data-id=\"622888\">Several dead as a bus catches fire in Switzerland, according to police<\/a><\/p>\n\n\nIn the same incident, <strong>Jos\u00e9 Mart\u00edn Reyes Almanzar<\/strong>, approximately 22 years old, and another man identified only as <strong>Hansel<\/strong> were injured.\n\nBoth are receiving medical attention at the aforementioned hospital. So far, the clinical diagnosis of the injured remains confidential.\n\nUnofficially, it was reported that the altercation involved an exchange of gunfire for reasons that have not yet been clarified by the security forces. Agents of the <strong>National Police<\/strong> appeared at the scene to collect evidence and initiate the corresponding investigations.\n\nAn official report is expected from the <strong>Northeast Regional Command<\/strong> to shed light on the origin of the dispute and the possible culprits.\n\n\n<p><strong>By: Niuman Mercedes<\/strong><\/p>\n","protected":false},"excerpt":{"rendered":"<p>SAN FRANCISCO DE MACOR\u00cdS. \u2013 Violence shook the tranquility of the community of Bejuco during the last hours, leaving one person dead and two others injured in an event that the authorities still describe as a \u201cconfusing incident.\u201d The preliminary report identifies the deceased as Edickson Balbi Padilla, 35 years old. His body was transferred [&hellip;]<\/p>\n","protected":false},"author":4,"featured_media":0,"comment_status":"open","ping_status":"open","sticky":false,"template":"","format":"standard","meta":{"_acf_changed":false,"footnotes":""},"categories":[40216],"tags":[40360],"class_list":{"0":"post-502224","1":"post","2":"type-post","3":"status-publish","4":"format-standard","6":"category-dominican-news","7":"tag-dead"},"acf":[],"jetpack_featured_media_url":"","dum_api":{"author_name":"Redacci\u00f3n De \u00daltimo Minuto","author_image":"https:\/\/deultimominuto.net\/wp-content\/uploads\/2025\/02\/cropped-logo-de-ultimo-minuto-96x96.png","categories_name":["Dominican News"],"featured_media_url":null},"_links":{"self":[{"href":"https:\/\/deultimominuto.net\/en\/wp-json\/wp\/v2\/posts\/502224","targetHints":{"allow":["GET"]}}],"collection":[{"href":"https:\/\/deultimominuto.net\/en\/wp-json\/wp\/v2\/posts"}],"about":[{"href":"https:\/\/deultimominuto.net\/en\/wp-json\/wp\/v2\/types\/post"}],"author":[{"embeddable":true,"href":"https:\/\/deultimominuto.net\/en\/wp-json\/wp\/v2\/users\/4"}],"replies":[{"embeddable":true,"href":"https:\/\/deultimominuto.net\/en\/wp-json\/wp\/v2\/comments?post=502224"}],"version-history":[{"count":0,"href":"https:\/\/deultimominuto.net\/en\/wp-json\/wp\/v2\/posts\/502224\/revisions"}],"wp:attachment":[{"href":"https:\/\/deultimominuto.net\/en\/wp-json\/wp\/v2\/media?parent=502224"}],"wp:term":[{"taxonomy":"category","embeddable":true,"href":"https:\/\/deultimominuto.net\/en\/wp-json\/wp\/v2\/categories?post=502224"},{"taxonomy":"post_tag","embeddable":true,"href":"https:\/\/deultimominuto.net\/en\/wp-json\/wp\/v2\/tags?post=502224"}],"curies":[{"name":"wp","href":"https:\/\/api.w.org\/{rel}","templated":true}]}}