{"id":504700,"date":"2026-04-14T17:28:32","date_gmt":"2026-04-14T21:28:32","guid":{"rendered":"https:\/\/deultimominuto.net\/en\/uncategorized\/prison-for-man-linked-to-deaths-of-at-least-four-people\/"},"modified":"2026-04-14T17:28:32","modified_gmt":"2026-04-14T21:28:32","slug":"prison-for-man-linked-to-deaths-of-at-least-four-people","status":"publish","type":"post","link":"https:\/\/deultimominuto.net\/en\/dominican-news\/prison-for-man-linked-to-deaths-of-at-least-four-people\/","title":{"rendered":"Prison for man linked to deaths of at least four people"},"content":{"rendered":"\n<p><strong>Santo Domingo.-<\/strong> At the request of the Public Ministry, a court of the National District imposed three months of <a href=\"https:\/\/pgr.gob.do\/\" target=\"_blank\" rel=\"noopener\">preventive<\/a> detention, as a coercive measure, in two of four processes against a Dominican deported from the United States, linked to the death of at least four people in different violent events.<\/p>\n\n\nThe Judicial Office of Permanent Attention Services of the National District ordered that Ismael Ceballos P\u00e9rez (Ismael) comply with the coercion measure at the Correction and Rehabilitation Center (CCR-XVII) Najayo-Hombres, for the murder of Edwin Jos\u00e9 de los Santos Surun, during an event that occurred in the early morning of July 26, 2021.\n\nAccording to the investigation by the Department of Crimes and Offenses against Persons (Homicides) of the National District, the event occurred while the defendant was perpetrating a robbery using firearms in a home in the Cristo Rey sector, National District, in association with the already convicted Stever Lorenzo L\u00f3pez (Papi Steven), Jos\u00e9 Miguel Betances de la Cruz (Bombill\u00f3n), Yerji Rosso, Antonio Cuello Bel\u00e9n (Alex), N\u00e9stor Anel Arc\u00e1ngel Castillo and Francisco Arc\u00e1ngel Castillo (Jobino).\n\nSimilarly, the accused will face preventive prison for the death of Walter Alexander Ben\u00edtez (Bobolo), which occurred on F\u00e9lix Evaristo Mej\u00eda street, Villas Agr\u00edcolas sector, Distrito Nacional.\n\n\n<h5 class=\"wp-block-heading\"><strong>We recommend reading:<a href=\"https:\/\/deultimominuto.net\/nacionales\/mp-solicita-un-ano\/\">MP requests one year of pre-trial detention against 3 men involved in the death of another in Puerto Plata<\/a><\/strong><\/h5>\n\n\nThe Public Ministry establishes that, on April 16, 2023, Ceballos P\u00e9rez, in association with Jhoan and\/or Yoan de la Cruz (under coercive measure for this fact), Ricky Valent\u00edn Taveras Mart\u00ednez (incarcerated in the La Victoria Correction and Rehabilitation Center for another process) and two other people, participated in an event that culminated in the death of the victim.\n\nAccording to the investigations, the defendant played an active role in the planning of the crime, recruiting at least two people for its execution, to whom he showed a photograph of the victim and coordinated their transfer to the scene. The investigations of the accusing body establish that the act was perpetrated in exchange for the sum of three hundred thousand pesos (RD$300,000).\n\nUpon processing, Ismael Ceballos P\u00e9rez (Ismael) is charged with contract killings, attempted murder, and participation in a criminal association to commit aggravated robbery, facts whose severity and recurrence evidence a repeated criminal pattern.\n\nTwo other pending processes. The Permanent Attention Services Judicial Office is expected to hear on Tuesday, April 14, 2026, the process related to the event that occurred on September 21, 2021, when Ceballos P\u00e9rez, in association with the also convicted Rayniel Miguel V\u00e1squez (Yensy), Sigfrido Antonio Pereyra Matos (Pipi) and Randy Eduardo Soto, participated in an armed robbery that culminated in the death of Jos\u00e9 Juanelgi Jim\u00e9nez De Jes\u00fas, in an event that occurred on 38th street, corner 43rd, of the Cristo Rey sector.\n\nLikewise, he is linked to the event that occurred on August 11, 2023, when he killed Markio Antonio Cabrera P\u00e9rez and injured Starlyn Mois\u00e9s Gonz\u00e1lez (el Power), on Nicol\u00e1s de Ovando Avenue, near the La Marqueta store, in the Cristo Rey sector, Distrito Nacional.\n\nAccording to the investigation, the defendant appeared at the scene hooded and on a motorcycle, surprising the victims while they were at their workplace, where he fired multiple shots with a firearm, causing the death of one of them and injuries to another. The investigations establish that the act would have been motivated by personal conflicts. Furthermore, on August 6, 2023, days before this event, the defendant had shot Pablo Jos\u00e9 Santana (Pablito), in the context of previous squabbles. Forensic analyses confirm that the same firearm was used in both events, according to the corresponding certificates.\n\n\n<h5 class=\"wp-block-heading\"><strong>You can also read:<a href=\"https:\/\/deultimominuto.net\/nacionales\/cede-terreros-del-club-de-legisladores\/\">Chamber of Deputies cedes Club de Legisladores land for Infotep tourism academy<\/a><\/strong><\/h5>\n\n\n<strong>Arrest<\/strong><br>Following the commission of these acts, the defendant fled the country with the intention of evading criminal responsibility, moving to Puerto Rico and subsequently to the United States, from where he was deported, being arrested on April 7, 2026 at Las Am\u00e9ricas International Airport, by virtue of a court order issued against him.\n\nThe Public Ministry has given these events different provisional legal qualifications, which include violations of articles 265, 266, 295, 296, 297, 298, 302, 304, 309, 379, 382 and 385 of the Dominican Penal Code, as well as articles 66 and 67 of Law 631-16 for the Control and Regulation of Weapons, Ammunition and Related Materials.","protected":false},"excerpt":{"rendered":"<p>Santo Domingo.- At the request of the Public Ministry, a court of the National District imposed three months of preventive detention, as a coercive measure, in two of four processes against a Dominican deported from the United States, linked to the death of at least four people in different violent events. The Judicial Office of [&hellip;]<\/p>\n","protected":false},"author":133556,"featured_media":504701,"comment_status":"open","ping_status":"open","sticky":false,"template":"","format":"standard","meta":{"_acf_changed":false,"footnotes":""},"categories":[40216],"tags":[40684,40265],"class_list":{"0":"post-504700","1":"post","2":"type-post","3":"status-publish","4":"format-standard","5":"has-post-thumbnail","7":"category-dominican-news","8":"tag-prison","9":"tag-public-ministry"},"acf":[],"jetpack_featured_media_url":"https:\/\/deultimominuto.net\/en\/wp-content\/uploads\/sites\/2\/2026\/04\/MG_3812-scaled-1-1.jpg","dum_api":{"author_name":"Yerandi Santana","author_image":"https:\/\/deultimominuto.net\/wp-content\/uploads\/2026\/02\/cropped-WhatsApp-Image-2026-02-13-at-5.35.07-PM-96x96.jpeg","categories_name":["Dominican News"],"featured_media_url":"https:\/\/cdn.deultimominuto.net\/en\/wp-content\/uploads\/sites\/2\/2026\/04\/MG_3812-scaled-1-1.jpg"},"_links":{"self":[{"href":"https:\/\/deultimominuto.net\/en\/wp-json\/wp\/v2\/posts\/504700","targetHints":{"allow":["GET"]}}],"collection":[{"href":"https:\/\/deultimominuto.net\/en\/wp-json\/wp\/v2\/posts"}],"about":[{"href":"https:\/\/deultimominuto.net\/en\/wp-json\/wp\/v2\/types\/post"}],"author":[{"embeddable":true,"href":"https:\/\/deultimominuto.net\/en\/wp-json\/wp\/v2\/users\/133556"}],"replies":[{"embeddable":true,"href":"https:\/\/deultimominuto.net\/en\/wp-json\/wp\/v2\/comments?post=504700"}],"version-history":[{"count":0,"href":"https:\/\/deultimominuto.net\/en\/wp-json\/wp\/v2\/posts\/504700\/revisions"}],"wp:featuredmedia":[{"embeddable":true,"href":"https:\/\/deultimominuto.net\/en\/wp-json\/wp\/v2\/media\/504701"}],"wp:attachment":[{"href":"https:\/\/deultimominuto.net\/en\/wp-json\/wp\/v2\/media?parent=504700"}],"wp:term":[{"taxonomy":"category","embeddable":true,"href":"https:\/\/deultimominuto.net\/en\/wp-json\/wp\/v2\/categories?post=504700"},{"taxonomy":"post_tag","embeddable":true,"href":"https:\/\/deultimominuto.net\/en\/wp-json\/wp\/v2\/tags?post=504700"}],"curies":[{"name":"wp","href":"https:\/\/api.w.org\/{rel}","templated":true}]}}