{"id":504751,"date":"2026-04-14T21:55:27","date_gmt":"2026-04-15T01:55:27","guid":{"rendered":"https:\/\/deultimominuto.net\/en\/uncategorized\/leonel-fernandez-will-meet-with-government-representatives-to-address-the-impact-of-the-global-crisis\/"},"modified":"2026-04-14T21:55:27","modified_gmt":"2026-04-15T01:55:27","slug":"leonel-fernandez-will-meet-with-government-representatives-to-address-the-impact-of-the-global-crisis","status":"publish","type":"post","link":"https:\/\/deultimominuto.net\/en\/uncategorized\/leonel-fernandez-will-meet-with-government-representatives-to-address-the-impact-of-the-global-crisis\/","title":{"rendered":"Leonel Fern\u00e1ndez will meet with government representatives to address the impact of the global crisis"},"content":{"rendered":"<em><strong>Santo Domingo.\u2013<\/strong><\/em> Former President Leonel Fern\u00e1ndez will hold a meeting this Wednesday at six in the afternoon with<a href=\"https:\/\/deultimominuto.net\/nacionales\/gobierno-demuele-puente\/\"> representatives<\/a> of the Government, with the aim of moving towards a national agreement to face the global crisis derived from the war conflict in the Middle East and mitigate its impact on Dominican families.\n\nThe meeting will take place at the headquarters of the Global Democracy and Development Foundation and will be attended by ministers Jos\u00e9 Ignacio Paliza, Mag\u00edn D\u00edaz and Eduardo Sanz Lovat\u00f3n, who will represent the Government in this dialogue.\n\nThe meeting seeks to generate joint proposals that contribute to reducing the economic effects of the international crisis, especially in vulnerable sectors of the population.\n\nFern\u00e1ndez is expected to be accompanied by members of the economic team of Fuerza del Pueblo, the organization he presides over, in an effort to provide solutions based on experience and political consensus.\n\n\n<h5 class=\"wp-block-heading\"><strong>We recommend reading:<a href=\"https:\/\/deultimominuto.net\/nacionales\/gobierno-anunciara\/\">Government to announce measures in the face of the impact of the war in the Middle East, according to AIRD<\/a><\/strong><\/h5>\n\n\nThis meeting is part of a series of initiatives aimed at promoting dialogue between different national actors in the face of the complex international scenario.","protected":false},"excerpt":{"rendered":"<p>Santo Domingo.\u2013 Former President Leonel Fern\u00e1ndez will hold a meeting this Wednesday at six in the afternoon with representatives of the Government, with the aim of moving towards a national agreement to face the global crisis derived from the war conflict in the Middle East and mitigate its impact on Dominican families. The meeting will [&hellip;]<\/p>\n","protected":false},"author":133556,"featured_media":0,"comment_status":"open","ping_status":"open","sticky":false,"template":"","format":"standard","meta":{"_acf_changed":false,"footnotes":""},"categories":[1],"tags":[],"class_list":{"0":"post-504751","1":"post","2":"type-post","3":"status-publish","4":"format-standard","6":"category-uncategorized"},"acf":[],"jetpack_featured_media_url":"","dum_api":{"author_name":"Yerandi Santana","author_image":"https:\/\/deultimominuto.net\/wp-content\/uploads\/2026\/02\/cropped-WhatsApp-Image-2026-02-13-at-5.35.07-PM-96x96.jpeg","categories_name":["Uncategorized"],"featured_media_url":null},"_links":{"self":[{"href":"https:\/\/deultimominuto.net\/en\/wp-json\/wp\/v2\/posts\/504751","targetHints":{"allow":["GET"]}}],"collection":[{"href":"https:\/\/deultimominuto.net\/en\/wp-json\/wp\/v2\/posts"}],"about":[{"href":"https:\/\/deultimominuto.net\/en\/wp-json\/wp\/v2\/types\/post"}],"author":[{"embeddable":true,"href":"https:\/\/deultimominuto.net\/en\/wp-json\/wp\/v2\/users\/133556"}],"replies":[{"embeddable":true,"href":"https:\/\/deultimominuto.net\/en\/wp-json\/wp\/v2\/comments?post=504751"}],"version-history":[{"count":0,"href":"https:\/\/deultimominuto.net\/en\/wp-json\/wp\/v2\/posts\/504751\/revisions"}],"wp:attachment":[{"href":"https:\/\/deultimominuto.net\/en\/wp-json\/wp\/v2\/media?parent=504751"}],"wp:term":[{"taxonomy":"category","embeddable":true,"href":"https:\/\/deultimominuto.net\/en\/wp-json\/wp\/v2\/categories?post=504751"},{"taxonomy":"post_tag","embeddable":true,"href":"https:\/\/deultimominuto.net\/en\/wp-json\/wp\/v2\/tags?post=504751"}],"curies":[{"name":"wp","href":"https:\/\/api.w.org\/{rel}","templated":true}]}}