{"id":505667,"date":"2026-04-24T13:21:31","date_gmt":"2026-04-24T17:21:31","guid":{"rendered":"https:\/\/deultimominuto.net\/en\/uncategorized\/dominican-republic-and-belgium-to-strengthen-police-cooperation-against-organized-crime\/"},"modified":"2026-04-24T13:21:31","modified_gmt":"2026-04-24T17:21:31","slug":"dominican-republic-and-belgium-to-strengthen-police-cooperation-against-organized-crime","status":"publish","type":"post","link":"https:\/\/deultimominuto.net\/en\/dominican-news\/dominican-republic-and-belgium-to-strengthen-police-cooperation-against-organized-crime\/","title":{"rendered":"Dominican Republic and Belgium to strengthen police cooperation against organized crime"},"content":{"rendered":"<strong>Santo Domingo.- <\/strong>Dominican Republic and the <strong>Kingdom of Belgium<\/strong> signed a <strong>memorandum of understanding<\/strong> between their police forces, to strengthen <strong>cooperation in the fight against transnational organized crime.<\/strong>\n\nThe pact contemplates cooperation in areas such as transnational organized crime, drug trafficking, human trafficking, cybercrime, police ethics, community policing, and gender equality.\n\nThe agreement was signed by <strong>Major General Andr\u00e9s Modesto Cruz Cruz,<\/strong> director of the <a href=\"https:\/\/www.policianacional.gob.do\/\" data-type=\"link\" data-id=\"https:\/\/www.policianacional.gob.do\/\" target=\"_blank\" rel=\"noopener\">National Police<\/a>, and <strong>Chief Commissioner Eric Snoeck, representing the Belgian Federal Police<\/strong>. The event in the Green Hall of the <strong>Ministry of Foreign Affairs,<\/strong> was attended by national authorities and those of the guest country.\n\nAs honorary witnesses participated the <strong>Minister of Interior and Police, Faride Raful<\/strong> and her counterpart from Belgium, Bernard Quint\u00edn, who thanked the welcome and expressed that efforts will continue in favor of the well-being of both nations.\n\n<div class=\"wp-block-image\">\n<figure class=\"alignleft size-large is-resized\"><img decoding=\"async\" src=\"https:\/\/deultimominuto.net\/wp-content\/uploads\/2026\/04\/cooperacion-policial-Belgica-1024x683.jpeg\" alt=\"\" class=\"wp-image-645471\" style=\"width:622px;height:auto\" title=\"\"><\/figure><\/div>\n\nMeanwhile, Raful highlighted that <strong>this agreement represents a strategic alliance to confront organized crime<\/strong>, especially in the context of drug trafficking routes that connect South America with Europe. \u201cEach exchange of information with partners like Belgium means greater operational capacity and more protection for our citizens\u201d.\n\nHe underlined that <strong>Belgium has been a key ally in initiatives such as the Container Control Programme, the Passenger Programme and international legal cooperation<\/strong>, which has allowed the identification of criminal structures and action in accordance with international standards.\n\nLikewise, it was pointed out that this memorandum is part of the <strong>police reform promoted by the Dominican Republic<\/strong>, aimed at modernizing training, strengthening internal controls and incorporating human rights standards in police work.\n\n\n<blockquote class=\"wp-block-quote is-layout-flow wp-block-quote-is-layout-flow\">\n<p>\u201cBelgium signs with an institution in transformation, and we with a police force with experience in governance and professional training. That is the value of this agreement,\u201d he expressed.<\/p>\n<\/blockquote>\n\n\n\n<p><strong>You may be interested in: <\/strong><a href=\"https:\/\/deultimominuto.net\/nacionales\/tasa-de-robos-reportados-2025\/\" data-type=\"link\" data-id=\"https:\/\/deultimominuto.net\/nacionales\/tasa-de-robos-reportados-2025\/\">Minister of Interior and Police highlights decrease in reported robbery rate compared to 2025<\/a><\/p>\n\n\nFrom his part, the <strong>Minister of Foreign Affairs, Roberto \u00c1lvarez,<\/strong> expressed his satisfaction with the strengthening of ties between both nations. \"We are pleased that the Dominican Republic continues relations with Belgium, with whom we maintain 135 years of diplomacy and a permanent embassy.\"\n\nAlso present at the event were the Minister of Defense, Lieutenant General Carlos Fern\u00e1ndez Onofre, and the president of the National Drug Control Directorate, Vice Admiral Jos\u00e9 Manuel Cabrera Ulloa. From the Ministry of Interior and Police, Juan Ferrand, legal director; Trist\u00e1n Carbuccia, from the cabinet; and Mercedes Castillo, in charge of international cooperation.\n\nSimilarly, General Esteban Figuereo Garc\u00eda, Deputy Director of the National Police, and Colonel Roenny Cata\u00f1o, Director of Cooperation and International Affairs, were in attendance.\n\nThis agreement reaffirms the <strong>commitment of both countries to international security<\/strong> and strengthens joint capabilities to prevent and combat organized crime.","protected":false},"excerpt":{"rendered":"<p>Santo Domingo.- Dominican Republic and the Kingdom of Belgium signed a memorandum of understanding between their police forces, to strengthen cooperation in the fight against transnational organized crime. The pact contemplates cooperation in areas such as transnational organized crime, drug trafficking, human trafficking, cybercrime, police ethics, community policing, and gender equality. The agreement was signed [&hellip;]<\/p>\n","protected":false},"author":4,"featured_media":505668,"comment_status":"open","ping_status":"open","sticky":false,"template":"","format":"standard","meta":{"_acf_changed":false,"footnotes":""},"categories":[40216],"tags":[43626,43627,15739,41852,15231,40357],"class_list":{"0":"post-505667","1":"post","2":"type-post","3":"status-publish","4":"format-standard","5":"has-post-thumbnail","7":"category-dominican-news","8":"tag-andres-modesto-cruz-cruz","9":"tag-belgium","10":"tag-faride-raful","11":"tag-interior-and-police","12":"tag-mirex","13":"tag-national-police"},"acf":[],"jetpack_featured_media_url":"https:\/\/deultimominuto.net\/en\/wp-content\/uploads\/sites\/2\/2026\/04\/Copia-de-Copia-de-Post-de-Instagram-Feliz-Cumpleanos-Sencillo-Minimalista-Azul-1000-x-500-px-2026-04-24T131649.330.jpg","dum_api":{"author_name":"Redacci\u00f3n De \u00daltimo Minuto","author_image":"https:\/\/deultimominuto.net\/wp-content\/uploads\/2025\/02\/cropped-logo-de-ultimo-minuto-96x96.png","categories_name":["Dominican News"],"featured_media_url":"https:\/\/cdn.deultimominuto.net\/en\/wp-content\/uploads\/sites\/2\/2026\/04\/Copia-de-Copia-de-Post-de-Instagram-Feliz-Cumpleanos-Sencillo-Minimalista-Azul-1000-x-500-px-2026-04-24T131649.330.jpg"},"_links":{"self":[{"href":"https:\/\/deultimominuto.net\/en\/wp-json\/wp\/v2\/posts\/505667","targetHints":{"allow":["GET"]}}],"collection":[{"href":"https:\/\/deultimominuto.net\/en\/wp-json\/wp\/v2\/posts"}],"about":[{"href":"https:\/\/deultimominuto.net\/en\/wp-json\/wp\/v2\/types\/post"}],"author":[{"embeddable":true,"href":"https:\/\/deultimominuto.net\/en\/wp-json\/wp\/v2\/users\/4"}],"replies":[{"embeddable":true,"href":"https:\/\/deultimominuto.net\/en\/wp-json\/wp\/v2\/comments?post=505667"}],"version-history":[{"count":0,"href":"https:\/\/deultimominuto.net\/en\/wp-json\/wp\/v2\/posts\/505667\/revisions"}],"wp:featuredmedia":[{"embeddable":true,"href":"https:\/\/deultimominuto.net\/en\/wp-json\/wp\/v2\/media\/505668"}],"wp:attachment":[{"href":"https:\/\/deultimominuto.net\/en\/wp-json\/wp\/v2\/media?parent=505667"}],"wp:term":[{"taxonomy":"category","embeddable":true,"href":"https:\/\/deultimominuto.net\/en\/wp-json\/wp\/v2\/categories?post=505667"},{"taxonomy":"post_tag","embeddable":true,"href":"https:\/\/deultimominuto.net\/en\/wp-json\/wp\/v2\/tags?post=505667"}],"curies":[{"name":"wp","href":"https:\/\/api.w.org\/{rel}","templated":true}]}}