{"id":505787,"date":"2026-04-25T18:27:57","date_gmt":"2026-04-25T22:27:57","guid":{"rendered":"https:\/\/deultimominuto.net\/en\/uncategorized\/fire-in-las-galeras-destroys-home\/"},"modified":"2026-04-25T18:27:57","modified_gmt":"2026-04-25T22:27:57","slug":"fire-in-las-galeras-destroys-home","status":"publish","type":"post","link":"https:\/\/deultimominuto.net\/en\/uncategorized\/fire-in-las-galeras-destroys-home\/","title":{"rendered":"Fire in Las Galeras Destroys Home"},"content":{"rendered":"<strong>Las Galeras, Saman\u00e1.<\/strong> A fire recorded on the afternoon of Saturday, April 25, 2026, generated alarm among residents of the Rinc\u00f3n sector, after a house was affected by the flames on Paya Rinc\u00f3n street, in front of the polyclinic of that community.\n\nThe incident began at approximately 4:10 p.m., according to the official report, and was completely controlled at 4:52 p.m., thanks to the rapid intervention of the Las Galeras Fire Department, who prevented the fire from spreading to nearby structures.\n\nAccording to the information provided, the incident was reported through the National Emergency and Security Attention System 9-1-1, being immediately channeled to unit B-1, which went to the scene to extinguish the flames.\n\n\n<p><strong>We recommend reading:<a href=\"https:\/\/deultimominuto.net\/enlaces\/\" data-type=\"page\" data-id=\"491852\"> Accountability 2026: Mayor of Las Galeras highlights works and efficient management<\/a><\/strong><\/p>\n\n\nThe owner of the affected home was identified as Julio Disney Barett, 79 years old.\n\n\n<p><strong>Cause of the fire<\/strong><\/p>\n\n\nAccording to preliminary data collected at the scene, the fire originated when Mr. Barett was burning a wasp, at which point the fire reached a bed inside the house, causing the rapid spread of the flames.\n\nThe report was issued by the head of the Las Galeras Fire Department, Ram\u00f3n Emilio Vera Peralta, who confirmed that the situation was brought under control without any casualties being reported.\n\nThis fact once again highlights the importance of taking precautionary measures when handling fire in domestic environments, especially in vulnerable homes.","protected":false},"excerpt":{"rendered":"<p>Las Galeras, Saman\u00e1. A fire recorded on the afternoon of Saturday, April 25, 2026, generated alarm among residents of the Rinc\u00f3n sector, after a house was affected by the flames on Paya Rinc\u00f3n street, in front of the polyclinic of that community. The incident began at approximately 4:10 p.m., according to the official report, and [&hellip;]<\/p>\n","protected":false},"author":111,"featured_media":0,"comment_status":"open","ping_status":"open","sticky":false,"template":"","format":"standard","meta":{"_acf_changed":false,"footnotes":""},"categories":[1],"tags":[],"class_list":{"0":"post-505787","1":"post","2":"type-post","3":"status-publish","4":"format-standard","6":"category-uncategorized"},"acf":[],"jetpack_featured_media_url":"","dum_api":{"author_name":"Ana Laura L\u00f3pez","author_image":"https:\/\/deultimominuto.net\/wp-content\/uploads\/2025\/01\/cropped-WhatsApp-Image-2025-01-29-at-1.45.56-PM-96x96.jpeg","categories_name":["Uncategorized"],"featured_media_url":null},"_links":{"self":[{"href":"https:\/\/deultimominuto.net\/en\/wp-json\/wp\/v2\/posts\/505787","targetHints":{"allow":["GET"]}}],"collection":[{"href":"https:\/\/deultimominuto.net\/en\/wp-json\/wp\/v2\/posts"}],"about":[{"href":"https:\/\/deultimominuto.net\/en\/wp-json\/wp\/v2\/types\/post"}],"author":[{"embeddable":true,"href":"https:\/\/deultimominuto.net\/en\/wp-json\/wp\/v2\/users\/111"}],"replies":[{"embeddable":true,"href":"https:\/\/deultimominuto.net\/en\/wp-json\/wp\/v2\/comments?post=505787"}],"version-history":[{"count":0,"href":"https:\/\/deultimominuto.net\/en\/wp-json\/wp\/v2\/posts\/505787\/revisions"}],"wp:attachment":[{"href":"https:\/\/deultimominuto.net\/en\/wp-json\/wp\/v2\/media?parent=505787"}],"wp:term":[{"taxonomy":"category","embeddable":true,"href":"https:\/\/deultimominuto.net\/en\/wp-json\/wp\/v2\/categories?post=505787"},{"taxonomy":"post_tag","embeddable":true,"href":"https:\/\/deultimominuto.net\/en\/wp-json\/wp\/v2\/tags?post=505787"}],"curies":[{"name":"wp","href":"https:\/\/api.w.org\/{rel}","templated":true}]}}