{"id":506192,"date":"2026-04-29T19:42:01","date_gmt":"2026-04-29T23:42:01","guid":{"rendered":"https:\/\/deultimominuto.net\/en\/uncategorized\/ecuador-prepares-for-a-new-nighttime-curfew-in-almost-half-the-country\/"},"modified":"2026-04-29T19:42:01","modified_gmt":"2026-04-29T23:42:01","slug":"ecuador-prepares-for-a-new-nighttime-curfew-in-almost-half-the-country","status":"publish","type":"post","link":"https:\/\/deultimominuto.net\/en\/international\/ecuador-prepares-for-a-new-nighttime-curfew-in-almost-half-the-country\/","title":{"rendered":"Ecuador prepares for a new nighttime curfew in almost half the country"},"content":{"rendered":"<strong>Guayaquil.- <\/strong>Nine provinces and four other municipalities in Ecuador will be under a new nighttime curfew from this Sunday, and for fifteen days, during which security forces will seek to intensify the fight against organized crime, which keeps the country at an unprecedented level of violence.\n\nThis is the second time this year that President Daniel Noboa has decided to apply this mobility restriction between 23:00 local time (4:00 GMT) and 5:00 local time (10:00 GMT) because, although according to the Government it has had good results, the violence persists and criminal groups have adapted their strategies to continue operating, according to the decree with which the president formalized the measure this Tuesday.\n\nViolence level\n\nThe first curfew in <a href=\"https:\/\/efe.com\/noticias\/ecuador\/\" target=\"_blank\" rel=\"noopener\">Ecuador<\/a>, which was between March 15 and 30, was applied in the provinces of Guayas, Los R\u00edos, Santo Domingo de los Ts\u00e1chilas and El Oro, bordering Peru; but this new measure, which will be in force between May 3 and 18, was extended to Santa Elena, Pichincha, Manab\u00ed, Sucumb\u00edos and Esmeraldas, bordering Colombia.\n\nThese territories, where Quito and Guayaquil, the two largest cities in the country, are located, concentrate 90% of the violence and 86.70% of the crime recorded in the country, according to official reports cited in the decree.\n\n\n<figure class=\"wp-block-image\"><img decoding=\"async\" src=\"https:\/\/i0.wp.com\/efe.com\/wp-content\/uploads\/2026\/04\/OBJ_20260324T152135S0005I_1_1_1_34_7_6.webp?resize=900%2C600&amp;ssl=1\" alt=\"Toque de queda Ecuador\" class=\"wp-image-2645087\" title=\"\"><figcaption class=\"wp-element-caption\">Integrantes del Ejercito de Ecuador participan en un operativo en Guayaquil (Ecuador). EFE\/ Gerardo Menoscal<\/figcaption><\/figure>\n\n\nThe restriction will also apply in the municipalities of La Man\u00e1 (Cotopaxi), Las Naves and Echeand\u00eda (Bol\u00edvar) and La Troncal (Ca\u00f1ar).\nThe Government assures that criminal groups \"redirected their activities\" to areas that were not covered by the first curfew, so \"there was no structural neutralization but a geographical displacement\" of the crimes.\n\n\n<h4 class=\"wp-block-heading\"><strong>We recommend reading:<a href=\"https:\/\/deultimominuto.net\/enlaces\/\" data-type=\"page\" data-id=\"491852\"> Ecuador court authorizes Noboa to call referendum on the appointment of authorities<\/a><\/strong><a href=\"https:\/\/deultimominuto.net\/category\/internacionales\/\"><\/a><\/h4>\n\n\n\n<h3 class=\"wp-block-heading\" id=\"h-disputes-between-gangs-and-alliances\">Disputes between gangs and alliances<\/h3>\n\n\nEcuador closed 2025 with a record of 9,269 homicides and registered 2,086 murders in the first quarter of 2026. According to the authorities, the violence is caused by disputes between leaders of the same gangs who want to consolidate their power or by clashes between rival groups.\n\nIn Guayaquil, the country's most populous city, there are at least nine groups vying for control of the city and are considered a \"critical threat to national security.\"\n\nIn other parts, such as in Manab\u00ed, El Oro or Quito, the country's capital, temporary alliances between small groups and Los Choneros, the oldest in the country, or Los Lobos, the largest currently, have also led to a rise in extortion and violent acts.\n\n\n<h3 class=\"wp-block-heading\" id=\"h-foreign-groups\"><strong>Foreign Groups<\/strong><\/h3>\n\n\nEcuadorian organizations primarily clash over the control of drug trafficking routes, but in the provinces of Esmeraldas and Sucumb\u00edos, located on the northern border, and that dispute extends to Colombian groups, such as the Comandos de la Frontera, a dissident group of the extinct FARC guerrilla.\n\nIn the Amazon region, the Border Commands \"control drug production and its exit from Colombia to Ecuador\" and have confrontations with groups like Los \u00c1guilas.\n\n\n<figure class=\"wp-block-image\"><img decoding=\"async\" src=\"https:\/\/i0.wp.com\/efe.com\/wp-content\/uploads\/2026\/04\/OBJ_20260324T153136S0004I_1_1_1_34_7_6.webp?resize=900%2C600&amp;ssl=1\" alt=\"Toque de queda Ecuador\" class=\"wp-image-2645088\" title=\"\"><figcaption class=\"wp-element-caption\">Un integrante de la Polic\u00eda de Ecuador requisa a una persona durante un operativo, en Guayaquil (Ecuador). EFE\/ Gerardo Menoscal<\/figcaption><\/figure>\n\n\n\n<h3 class=\"wp-block-heading\" id=\"h-exceptions-to-the-curfew-in-ecuador\"><strong>Exceptions to the Curfew in Ecuador<\/strong><\/h3>\n\n\nDuring the nights of these 15 days, only police, military, and health and emergency personnel will be able to circulate, despite the request made by the commercial and export sector, mainly linked to bananas and shrimp, the star products of the Andean country, to find ways to combat crime without causing economic damage.\n\nThe journalists or the staff of international organizations were also not taken into account, despite the fact that the Constitutional Court ordered the Government last March to allow them to go out and do their work. Those who fail to comply with the restriction face prison sentences of between one and three years.<a href=\"https:\/\/whatsapp.com\/channel\/0029VayTEv30AgW3vHZ95u1T\" target=\"_blank\" rel=\"noreferrer noopener\"><\/a>","protected":false},"excerpt":{"rendered":"<p>Guayaquil.- Nine provinces and four other municipalities in Ecuador will be under a new nighttime curfew from this Sunday, and for fifteen days, during which security forces will seek to intensify the fight against organized crime, which keeps the country at an unprecedented level of violence. This is the second time this year that President [&hellip;]<\/p>\n","protected":false},"author":3,"featured_media":506193,"comment_status":"open","ping_status":"open","sticky":false,"template":"","format":"standard","meta":{"_acf_changed":false,"footnotes":""},"categories":[95],"tags":[43654,14862],"class_list":{"0":"post-506192","1":"post","2":"type-post","3":"status-publish","4":"format-standard","5":"has-post-thumbnail","7":"category-international","8":"tag-country","9":"tag-ecuador"},"acf":[],"jetpack_featured_media_url":"https:\/\/deultimominuto.net\/en\/wp-content\/uploads\/sites\/2\/2026\/04\/OBJ_20260316T041116S0012I_1_1_1_43_7_6.webp","dum_api":{"author_name":"EFE","author_image":"https:\/\/deultimominuto.net\/wp-content\/uploads\/2021\/08\/1200px-EFE_logo.svg-96x96.png","categories_name":["International"],"featured_media_url":"https:\/\/cdn.deultimominuto.net\/en\/wp-content\/uploads\/sites\/2\/2026\/04\/OBJ_20260316T041116S0012I_1_1_1_43_7_6.webp"},"_links":{"self":[{"href":"https:\/\/deultimominuto.net\/en\/wp-json\/wp\/v2\/posts\/506192","targetHints":{"allow":["GET"]}}],"collection":[{"href":"https:\/\/deultimominuto.net\/en\/wp-json\/wp\/v2\/posts"}],"about":[{"href":"https:\/\/deultimominuto.net\/en\/wp-json\/wp\/v2\/types\/post"}],"author":[{"embeddable":true,"href":"https:\/\/deultimominuto.net\/en\/wp-json\/wp\/v2\/users\/3"}],"replies":[{"embeddable":true,"href":"https:\/\/deultimominuto.net\/en\/wp-json\/wp\/v2\/comments?post=506192"}],"version-history":[{"count":0,"href":"https:\/\/deultimominuto.net\/en\/wp-json\/wp\/v2\/posts\/506192\/revisions"}],"wp:featuredmedia":[{"embeddable":true,"href":"https:\/\/deultimominuto.net\/en\/wp-json\/wp\/v2\/media\/506193"}],"wp:attachment":[{"href":"https:\/\/deultimominuto.net\/en\/wp-json\/wp\/v2\/media?parent=506192"}],"wp:term":[{"taxonomy":"category","embeddable":true,"href":"https:\/\/deultimominuto.net\/en\/wp-json\/wp\/v2\/categories?post=506192"},{"taxonomy":"post_tag","embeddable":true,"href":"https:\/\/deultimominuto.net\/en\/wp-json\/wp\/v2\/tags?post=506192"}],"curies":[{"name":"wp","href":"https:\/\/api.w.org\/{rel}","templated":true}]}}